{"id":67467,"date":"2025-10-30T18:15:37","date_gmt":"2025-10-30T21:15:37","guid":{"rendered":"https:\/\/infovera.com.ar\/web\/?p=67467"},"modified":"2025-10-31T11:50:51","modified_gmt":"2025-10-31T14:50:51","slug":"avanza-la-campana-de-recoleccion-de-instrumentos-para-la-orquesta-del-colegio-superior-n-42","status":"publish","type":"post","link":"https:\/\/infovera.com.ar\/web\/2025\/10\/30\/avanza-la-campana-de-recoleccion-de-instrumentos-para-la-orquesta-del-colegio-superior-n-42\/","title":{"rendered":"Avanza la campa\u00f1a de recolecci\u00f3n de instrumentos para la orquesta del Colegio Superior N\u00b0 42"},"content":{"rendered":"<p><strong>Lanzada en 2024, la Campa\u00f1a de Recolecci\u00f3n de Instrumentos Musicales destinada a crear la orquesta del Colegio Superior N\u00b0 42 \u201cDr. Agust\u00edn Luis Rossi\u201d de la ciudad de Vera, contin\u00faa creciendo gracias al compromiso de quienes est\u00e1n al frente del proyecto y al aporte de donaciones de personas de diferentes localidades como Reconquista, Malabrigo, Vera, Calchaqu\u00ed, Colonia Pujol y Rafaela.<\/strong><\/p>\n<p>Antes del lanzamiento, la escuela contaba con dos guitarras y dos bombos, y desde entonces se han recibido flautas, vainas de percusi\u00f3n, un palo de lluvia, un acorde\u00f3n Maestro piano de 80 bajos, 2 registros y 23 teclas, un piano de 1\/4 cola modelo Chickering, un teclado para principiantes, una Kalimba de 7 teclas y m\u00e1s, donados por una docente de la instituci\u00f3n y por personas que se sumaron al proyecto con instrumentos en desuso, entre otros aportes solidarios. Cabe destacar que el piano de 1\/4 cola y el acorde\u00f3n fueron donados por dos docentes de m\u00fasica jubiladas, contribuyendo al enriquecimiento del proyecto con su experiencia y generosidad.<\/p>\n<p>Gracias al aporte econ\u00f3mico del senador Osvaldo Sosa, por el departamento Vera, el Colegio pudo adquirir un set de afinaci\u00f3n para piano, dos flautas mel\u00f3dicas, dos flautas traversa, un ukelele y un xil\u00f3fono, ampliando as\u00ed el conjunto instrumental disponible para los futuros integrantes de la orquesta. Uno de los dos profesores de m\u00fasica de la instituci\u00f3n se encuentra a cargo de la afinaci\u00f3n de los pianos, incluyendo un piano vertical que fue donado hace a\u00f1os y que desde entonces se encontraba desafinado, el cual ser\u00e1 puesto en condiciones para ser utilizado como corresponde. Adem\u00e1s, el profesor compr\u00f3 algunas flautas con dinero propio y las lleva de escuela en escuela, reforzando el acceso a los instrumentos y la ense\u00f1anza musical en distintos cursos.<\/p>\n<figure id=\"attachment_67469\" aria-describedby=\"caption-attachment-67469\" style=\"width: 1770px\" class=\"wp-caption aligncenter\"><a href=\"https:\/\/infovera.com.ar\/web\/wp-content\/uploads\/2025\/10\/acro.png\"><img loading=\"lazy\" decoding=\"async\" class=\"size-full wp-image-67469\" src=\"https:\/\/infovera.com.ar\/web\/wp-content\/uploads\/2025\/10\/acro.png\" alt=\"\" width=\"1770\" height=\"1237\" srcset=\"https:\/\/infovera.com.ar\/web\/wp-content\/uploads\/2025\/10\/acro.png 1770w, https:\/\/infovera.com.ar\/web\/wp-content\/uploads\/2025\/10\/acro-601x420.png 601w, https:\/\/infovera.com.ar\/web\/wp-content\/uploads\/2025\/10\/acro-696x486.png 696w, https:\/\/infovera.com.ar\/web\/wp-content\/uploads\/2025\/10\/acro-1068x746.png 1068w, https:\/\/infovera.com.ar\/web\/wp-content\/uploads\/2025\/10\/acro-100x70.png 100w\" sizes=\"auto, (max-width: 1770px) 100vw, 1770px\" \/><\/a><figcaption id=\"caption-attachment-67469\" class=\"wp-caption-text\">Donaciones: 1 piano de 1\/4 cola modelo Chickering y 1 acorde\u00f3n Maestropiano de 80 bajos, 22 teclas y 2 registros.<\/figcaption><\/figure>\n<p><strong>Participaci\u00f3n activa<\/strong><\/p>\n<p><strong>Este a\u00f1o, 2025, se comenz\u00f3 a trabajar con estudiantes de 1er a\u00f1o y un tercero, logrando que el 90 % de los estudiantes de cada curso participen activamente aprendiendo a tocar instrumentos,<\/strong> mientras que aquellos que no lo deseen pueden participar a trav\u00e9s de la voz, creaci\u00f3n de letras y otras ramas de la m\u00fasica. La orquesta hizo su debut el 22 de octubre ante la visita de los s\u00e9ptimos grados de las escuelas primarias de la ciudad de Vera, mostrando as\u00ed los primeros frutos del proyecto y el entusiasmo de los j\u00f3venes m\u00fasicos.<\/p>\n<p>Actualmente, <strong>se est\u00e1 trabajando en la creaci\u00f3n de la letra de una primera canci\u00f3n, utilizando palabras clave surgidas de los chicos durante una Rueda de Convivencia,<\/strong> lo que permite que los estudiantes participen activamente en la construcci\u00f3n de su repertorio musical.<\/p>\n<blockquote><p><strong><span style=\"font-size: 14px; color: #ff0000;\">la iniciativa surgi\u00f3 el a\u00f1o pasado, cuando Docentes de la instituci\u00f3n educativa decidieron organizar una campa\u00f1a de donaci\u00f3n de instrumentos musicales en desuso, en el marco de la cual los Facilitadores de la Convivencia y el Profesor de M\u00fasica presentaron un proyecto de Ense\u00f1anza de Instrumentos Musicales para los estudiantes de 1\u00b0 a 5\u00b0 a\u00f1o, con la idea de formar una orquesta que identifique al Colegio.<\/span><\/strong><\/p><\/blockquote>\n<p>La idea del proyecto es llegar a brindar la ense\u00f1anza de instrumentos musicales a estudiantes de primero a quinto a\u00f1o, sin dejar afuera a nadie. Aquellos que no quieran aprender a tocar instrumentos podr\u00e1n participar en la orquesta a trav\u00e9s de la voz, en la creaci\u00f3n de letras y en otras ramas de la m\u00fasica, asegurando que todos tengan un lugar en la propuesta art\u00edstica del colegio.<\/p>\n<p><strong>Todav\u00eda no se ha logrado cubrir la totalidad de alumnos, por lo que el proyecto contin\u00faa necesitando m\u00e1s instrumentos musicales para que todos los estudiantes puedan participar plenamente.<\/strong><\/p>\n<p><strong>El m\u00e1ximo sue\u00f1o es concretar el Festival Art\u00edstico del colegio, que tambi\u00e9n involucre Artes Visuales y Teatro,<\/strong> disciplinas que se dictan en la instituci\u00f3n, mostrando as\u00ed el trabajo conjunto de todas las \u00e1reas art\u00edsticas.<\/p>\n<p>El proyecto contin\u00faa en marcha con el prop\u00f3sito de seguir sumando instrumentos y fomentar el acceso al arte y la m\u00fasica como herramientas de aprendizaje, integraci\u00f3n y expresi\u00f3n dentro del \u00e1mbito escolar.<\/p>\n<p><strong>Quienes deseen colaborar con la donaci\u00f3n de alg\u00fan instrumento musical pueden comunicarse v\u00eda WhatsApp al n\u00famero 3482-445439.<\/strong><\/p>\n<figure id=\"attachment_67470\" aria-describedby=\"caption-attachment-67470\" style=\"width: 956px\" class=\"wp-caption aligncenter\"><a href=\"https:\/\/infovera.com.ar\/web\/wp-content\/uploads\/2025\/10\/ins.png\"><img loading=\"lazy\" decoding=\"async\" class=\"size-full wp-image-67470\" src=\"https:\/\/infovera.com.ar\/web\/wp-content\/uploads\/2025\/10\/ins.png\" alt=\"\" width=\"956\" height=\"674\" srcset=\"https:\/\/infovera.com.ar\/web\/wp-content\/uploads\/2025\/10\/ins.png 956w, https:\/\/infovera.com.ar\/web\/wp-content\/uploads\/2025\/10\/ins-596x420.png 596w, https:\/\/infovera.com.ar\/web\/wp-content\/uploads\/2025\/10\/ins-696x491.png 696w, https:\/\/infovera.com.ar\/web\/wp-content\/uploads\/2025\/10\/ins-100x70.png 100w\" sizes=\"auto, (max-width: 956px) 100vw, 956px\" \/><\/a><figcaption id=\"caption-attachment-67470\" class=\"wp-caption-text\">Instrumentos donados: 1 palo de lluvia, 1 Kalimba de 7 teclas, vainas para percusi\u00f3n, 1 sikus y flautas dulces<\/figcaption><\/figure>\n","protected":false},"excerpt":{"rendered":"<p>Lanzada en 2024, la Campa\u00f1a de Recolecci\u00f3n de Instrumentos Musicales destinada a crear la orquesta del Colegio Superior N\u00b0 42 \u201cDr. Agust\u00edn Luis Rossi\u201d de la ciudad de Vera, contin\u00faa creciendo gracias al compromiso de quienes est\u00e1n al frente del proyecto y al aporte de donaciones de personas de diferentes localidades como Reconquista, Malabrigo, Vera, [&hellip;]<\/p>\n","protected":false},"author":3,"featured_media":67468,"comment_status":"closed","ping_status":"closed","sticky":false,"template":"","format":"standard","meta":{"_joinchat":[],"footnotes":""},"categories":[40,53],"tags":[],"class_list":{"0":"post-67467","1":"post","2":"type-post","3":"status-publish","4":"format-standard","5":"has-post-thumbnail","7":"category-cultura","8":"category-vera"},"_links":{"self":[{"href":"https:\/\/infovera.com.ar\/web\/wp-json\/wp\/v2\/posts\/67467","targetHints":{"allow":["GET"]}}],"collection":[{"href":"https:\/\/infovera.com.ar\/web\/wp-json\/wp\/v2\/posts"}],"about":[{"href":"https:\/\/infovera.com.ar\/web\/wp-json\/wp\/v2\/types\/post"}],"author":[{"embeddable":true,"href":"https:\/\/infovera.com.ar\/web\/wp-json\/wp\/v2\/users\/3"}],"replies":[{"embeddable":true,"href":"https:\/\/infovera.com.ar\/web\/wp-json\/wp\/v2\/comments?post=67467"}],"version-history":[{"count":0,"href":"https:\/\/infovera.com.ar\/web\/wp-json\/wp\/v2\/posts\/67467\/revisions"}],"wp:featuredmedia":[{"embeddable":true,"href":"https:\/\/infovera.com.ar\/web\/wp-json\/wp\/v2\/media\/67468"}],"wp:attachment":[{"href":"https:\/\/infovera.com.ar\/web\/wp-json\/wp\/v2\/media?parent=67467"}],"wp:term":[{"taxonomy":"category","embeddable":true,"href":"https:\/\/infovera.com.ar\/web\/wp-json\/wp\/v2\/categories?post=67467"},{"taxonomy":"post_tag","embeddable":true,"href":"https:\/\/infovera.com.ar\/web\/wp-json\/wp\/v2\/tags?post=67467"}],"curies":[{"name":"wp","href":"https:\/\/api.w.org\/{rel}","templated":true}]}}