{"id":67462,"date":"2025-10-30T18:48:39","date_gmt":"2025-10-30T21:48:39","guid":{"rendered":"https:\/\/infovera.com.ar\/web\/?p=67462"},"modified":"2025-10-31T11:47:51","modified_gmt":"2025-10-31T14:47:51","slug":"en-vera-provincia-refuncionalizo-el-laboratorio-del-hospital-regional","status":"publish","type":"post","link":"https:\/\/infovera.com.ar\/web\/2025\/10\/30\/en-vera-provincia-refuncionalizo-el-laboratorio-del-hospital-regional\/","title":{"rendered":"En Vera: Provincia refuncionaliz\u00f3 el laboratorio del Hospital Regional"},"content":{"rendered":"<p><strong>Los trabajos optimizan la circulaci\u00f3n de pacientes y muestras, fortalecen la accesibilidad y modernizan el servicio de diagn\u00f3stico. Se realizaron con recursos del Programa FonRES, a trav\u00e9s del cual el Ministerio de Salud invierte m\u00e1s de 171 millones de pesos para mejorar los edificios de centros de salud y hospitales de la Regi\u00f3n-Nodo Reconquista.<\/strong><\/p>\n<p>El Ministerio de Salud de la provincia inaugur\u00f3 la refuncionalizaci\u00f3n del Laboratorio del Hospital Regional de Vera, una intervenci\u00f3n realizada con recursos del Programa Fondo para la Reparaci\u00f3n de Efectores de Salud (FonRES) y ejecutada a trav\u00e9s de la Municipalidad. La mejora incluy\u00f3 adecuaciones edilicias, renovaci\u00f3n de instalaciones y obras de accesibilidad, con el objetivo de garantizar un servicio de diagn\u00f3stico m\u00e1s eficiente, seguro y confortable tanto para pacientes como para el personal.<\/p>\n<p>Durante el acto, la secretaria de Salud, Andrea Uboldi, destac\u00f3 que esta obra es resultado de una pol\u00edtica sanitaria con presencia en el territorio. \u201cEstas mejoras se dan a partir de la decisi\u00f3n pol\u00edtica de nuestra ministra de Salud, Silvia Ciancio, de llevar adelante una gesti\u00f3n con territorialidad y cercan\u00eda. Las necesidades en salud son muchas, y s\u00f3lo al conocer los lugares y dialogar con quienes trabajan en ellos se pueden definir prioridades\u201d, se\u00f1al\u00f3.<\/p>\n<p>Uboldi explic\u00f3 que en las visitas realizadas se hab\u00edan detectado riesgos el\u00e9ctricos, problemas de circulaci\u00f3n y falta de accesibilidad para personas con discapacidad. \u201cM\u00e1s all\u00e1 de esta remodelaci\u00f3n, lo m\u00e1s importante es el capital humano: las obras y los equipos son fundamentales, pero el gran desaf\u00edo es trabajar en conjunto con quienes todos los d\u00edas ponen su esfuerzo y compromiso para cuidar a la comunidad\u201d, subray\u00f3. En esa l\u00ednea, se destac\u00f3 que la obra forma parte de una inversi\u00f3n provincial de $171.020.341,69 para mejoras edilicias en hospitales y centros de salud de la Regi\u00f3n-Nodo Reconquista.<\/p>\n<p>La secretaria de Salud tambi\u00e9n destac\u00f3 otros avances que fortalecen el funcionamiento del hospital, como la atenci\u00f3n en la guardia con est\u00e1ndares provinciales; la utilizaci\u00f3n del sistema SICAP, que permite registrar pr\u00e1cticas y contar con estad\u00edsticas y trazabilidad de los pacientes, y la pronta puesta en marcha del programa Agend\u00e1 Salud, junto a la Agencia de Control del C\u00e1ncer, que facilitar\u00e1 el acceso a controles preventivos, con traslados gratuitos en minibuses del 107 desde distintas localidades del Departamento Vera.<\/p>\n<p>Por su parte, el coordinador regional del Gobierno de la Provincia, Oscar Duarte, destac\u00f3 la decisi\u00f3n del gobernador Maximiliano Pullaro de brindar recursos para el Programa FonRES, y valor\u00f3 espec\u00edficamente el proceso institucional que acompa\u00f1a estas transformaciones en el Hospital. \u201cEste a\u00f1o se pudo conformar el Consejo de Administraci\u00f3n del hospital con elecciones democr\u00e1ticas y una amplia participaci\u00f3n de instituciones. No solo vemos un \u00e1rea del edificio renovada, sino tambi\u00e9n un fortalecimiento en lo institucional y en la representaci\u00f3n de la comunidad\u201d, expres\u00f3.*Inversiones hist\u00f3ricas*<\/p>\n<p>Por su parte, la intendenta de Vera, Paula Mitre, celebr\u00f3 la modernizaci\u00f3n del laboratorio como \u201cuna mejora clara y contundente en la capacidad de respuesta del sistema de salud local\u201d. \u201cNos permitir\u00e1 un diagn\u00f3stico m\u00e1s \u00e1gil, optimizar recursos y dar mayor precisi\u00f3n a los estudios que se realizan a diario. Esta inversi\u00f3n impacta directamente en la calidad de atenci\u00f3n y es posible gracias al acompa\u00f1amiento del gobierno provincial\u201d, afirm\u00f3.<\/p>\n<p>Mitre remarc\u00f3 que la obra se suma a otras que transforman la infraestructura local. \u201cEstamos realizando obras hist\u00f3ricas, muchas de ellas financiadas por la provincia, que nos permiten prestar mejores servicios y consolidar el desarrollo de Vera\u201d, sostuvo.<\/p>\n<p>Finalmente, el bioqu\u00edmico Daniel Redondo, integrante del laboratorio, agradeci\u00f3 el acompa\u00f1amiento de las autoridades y destac\u00f3 la mejora de las condiciones de trabajo. \u201cAhora contamos con un espacio adecuado, instalaciones el\u00e9ctricas seguras y una organizaci\u00f3n funcional que nos permite brindar un mejor servicio\u201d, se\u00f1al\u00f3.<\/p>\n<p>Tambi\u00e9n participaron el subsecretario de Gesti\u00f3n Territorial Centro-Norte del Ministerio, Leonardo Mart\u00ednez; la directora de la Regi\u00f3n de Salud-Nodo Reconquista, Luciana Ramoa; la directora del hospital, Carola Neumann; y el secretario de Obras P\u00fablicas municipal, Juan Cruz Ferroni, entre otros.<\/p>\n<p><strong>FonRES en Departamento Vera<\/strong><\/p>\n<p>El viernes, a las 9, se presentar\u00e1n las mejoras realizadas con FonRES en el SAMCo de Fort\u00edn Olmos, que incluyen renovaci\u00f3n de aberturas en la sala de urgencias; y reparaciones en cielorrasos de guardia, consultorio, urgencias y sala de espera. Tambi\u00e9n ma\u00f1ana, pero a las 11.30, se inaugurar\u00e1n las reparaciones realizadas en el Centro de Salud de Ca\u00f1ada Omb\u00fa.<\/p>\n","protected":false},"excerpt":{"rendered":"<p>Los trabajos optimizan la circulaci\u00f3n de pacientes y muestras, fortalecen la accesibilidad y modernizan el servicio de diagn\u00f3stico. Se realizaron con recursos del Programa FonRES, a trav\u00e9s del cual el Ministerio de Salud invierte m\u00e1s de 171 millones de pesos para mejorar los edificios de centros de salud y hospitales de la Regi\u00f3n-Nodo Reconquista. El [&hellip;]<\/p>\n","protected":false},"author":3,"featured_media":67463,"comment_status":"closed","ping_status":"closed","sticky":false,"template":"","format":"standard","meta":{"_joinchat":[],"footnotes":""},"categories":[37,53],"tags":[],"class_list":{"0":"post-67462","1":"post","2":"type-post","3":"status-publish","4":"format-standard","5":"has-post-thumbnail","7":"category-salud","8":"category-vera"},"_links":{"self":[{"href":"https:\/\/infovera.com.ar\/web\/wp-json\/wp\/v2\/posts\/67462","targetHints":{"allow":["GET"]}}],"collection":[{"href":"https:\/\/infovera.com.ar\/web\/wp-json\/wp\/v2\/posts"}],"about":[{"href":"https:\/\/infovera.com.ar\/web\/wp-json\/wp\/v2\/types\/post"}],"author":[{"embeddable":true,"href":"https:\/\/infovera.com.ar\/web\/wp-json\/wp\/v2\/users\/3"}],"replies":[{"embeddable":true,"href":"https:\/\/infovera.com.ar\/web\/wp-json\/wp\/v2\/comments?post=67462"}],"version-history":[{"count":0,"href":"https:\/\/infovera.com.ar\/web\/wp-json\/wp\/v2\/posts\/67462\/revisions"}],"wp:featuredmedia":[{"embeddable":true,"href":"https:\/\/infovera.com.ar\/web\/wp-json\/wp\/v2\/media\/67463"}],"wp:attachment":[{"href":"https:\/\/infovera.com.ar\/web\/wp-json\/wp\/v2\/media?parent=67462"}],"wp:term":[{"taxonomy":"category","embeddable":true,"href":"https:\/\/infovera.com.ar\/web\/wp-json\/wp\/v2\/categories?post=67462"},{"taxonomy":"post_tag","embeddable":true,"href":"https:\/\/infovera.com.ar\/web\/wp-json\/wp\/v2\/tags?post=67462"}],"curies":[{"name":"wp","href":"https:\/\/api.w.org\/{rel}","templated":true}]}}