{"id":67459,"date":"2025-10-30T14:08:20","date_gmt":"2025-10-30T17:08:20","guid":{"rendered":"https:\/\/infovera.com.ar\/web\/?p=67459"},"modified":"2025-10-31T11:51:45","modified_gmt":"2025-10-31T14:51:45","slug":"filmaron-un-raro-objeto-luminoso-y-movedizo-que-irrumpio-en-el-cielo-nocturno-de-vera","status":"publish","type":"post","link":"https:\/\/infovera.com.ar\/web\/2025\/10\/30\/filmaron-un-raro-objeto-luminoso-y-movedizo-que-irrumpio-en-el-cielo-nocturno-de-vera\/","title":{"rendered":"Filmaron un raro objeto luminoso y movedizo que irrumpi\u00f3 en el cielo nocturno de Vera"},"content":{"rendered":"<p><strong>Una vecina del barrio San Mart\u00edn de la ciudad de Vera registr\u00f3 con su celular el paso de un extra\u00f1o objeto luminoso que, seg\u00fan relat\u00f3, apareci\u00f3 en el cielo nocturno el jueves 24 de octubre, cerca de la medianoche.<\/strong><\/p>\n<p>\u201cSal\u00ed al patio y mir\u00e9 hacia el lado sur. Vi una luz que parec\u00eda una estrella, pero era diferente, se mov\u00eda de manera rara. Entonces saqu\u00e9 el celular, hice zoom y logr\u00e9 filmarla. No estaba quieta, se mov\u00eda hacia arriba y hacia abajo, como si flotara\u201d.<\/p>\n<div class=\"youtube-embed\" data-video_id=\"\"><iframe loading=\"lazy\" title=\"Filmaron un raro objeto luminoso y movedizo que irrumpi\u00f3 en el cielo nocturno de Vera\" width=\"563\" height=\"1000\" src=\"https:\/\/www.youtube.com\/embed\/KWl2_ztTMBo?feature=oembed&#038;enablejsapi=1\" frameborder=\"0\" allow=\"accelerometer; autoplay; clipboard-write; encrypted-media; gyroscope; picture-in-picture; web-share\" referrerpolicy=\"strict-origin-when-cross-origin\" allowfullscreen><\/iframe><\/div>\n<p><strong>El fen\u00f3meno se mantuvo visible durante un largo rato. &#8220;La verdad que no s\u00e9 que fue eso, un ratito antes de las 12 o a las 12, no recuerdo muy bien. Volv\u00ed a salir como a la una y media y segu\u00eda all\u00ed, pero m\u00e1s alto<\/strong>. Al otro d\u00eda mir\u00e9 de nuevo, a la misma hora, y ya no estaba\u201d, relat\u00f3. &#8220;No s\u00e9 qu\u00e9 ser\u00e1, pero no apareci\u00f3 m\u00e1s&#8221;, sostuvo.<\/p>\n<p>La vecina vive cerca del Polideportivo, ubicado en la zona este de la cuadr\u00edcula urbana. Explic\u00f3 que &#8220;yo les mand\u00e9 el video porque justo vi la otra noticia que subieron, del hombre que encontr\u00f3 figuras hechas en Avellaneda&#8221;, en alusi\u00f3n al fen\u00f3meno surgido el fin de semana en el paraje rural Avellaneda Oeste, donde el productor rural Ra\u00fal Zamer descubri\u00f3 misteriosas marcas en un trigal.<\/p>\n<p>Tras captar las llamativas im\u00e1genes comparti\u00f3 el video en redes sociales, donde r\u00e1pidamente otros usuarios afirmaron haber visto luces similares en distintas localidades del norte santafesino. \u201cVarias personas me escribieron diciendo que tambi\u00e9n vieron algo parecido hacia el este&#8221;, coment\u00f3. <strong>&#8220;Una conocida de Malabrigo me cont\u00f3 que ella observ\u00f3 tres luces que se mov\u00edan entre s\u00ed, como jugando, y que su esposo pensaba que eran sat\u00e9lites, pero se ve\u00edan muy claras\u201d, acot\u00f3.<\/strong><\/p>\n","protected":false},"excerpt":{"rendered":"<p>Una vecina del barrio San Mart\u00edn de la ciudad de Vera registr\u00f3 con su celular el paso de un extra\u00f1o objeto luminoso que, seg\u00fan relat\u00f3, apareci\u00f3 en el cielo nocturno el jueves 24 de octubre, cerca de la medianoche. \u201cSal\u00ed al patio y mir\u00e9 hacia el lado sur. Vi una luz que parec\u00eda una estrella, [&hellip;]<\/p>\n","protected":false},"author":3,"featured_media":67460,"comment_status":"closed","ping_status":"closed","sticky":false,"template":"","format":"standard","meta":{"_joinchat":[],"footnotes":""},"categories":[53],"tags":[],"class_list":{"0":"post-67459","1":"post","2":"type-post","3":"status-publish","4":"format-standard","5":"has-post-thumbnail","7":"category-vera"},"_links":{"self":[{"href":"https:\/\/infovera.com.ar\/web\/wp-json\/wp\/v2\/posts\/67459","targetHints":{"allow":["GET"]}}],"collection":[{"href":"https:\/\/infovera.com.ar\/web\/wp-json\/wp\/v2\/posts"}],"about":[{"href":"https:\/\/infovera.com.ar\/web\/wp-json\/wp\/v2\/types\/post"}],"author":[{"embeddable":true,"href":"https:\/\/infovera.com.ar\/web\/wp-json\/wp\/v2\/users\/3"}],"replies":[{"embeddable":true,"href":"https:\/\/infovera.com.ar\/web\/wp-json\/wp\/v2\/comments?post=67459"}],"version-history":[{"count":0,"href":"https:\/\/infovera.com.ar\/web\/wp-json\/wp\/v2\/posts\/67459\/revisions"}],"wp:featuredmedia":[{"embeddable":true,"href":"https:\/\/infovera.com.ar\/web\/wp-json\/wp\/v2\/media\/67460"}],"wp:attachment":[{"href":"https:\/\/infovera.com.ar\/web\/wp-json\/wp\/v2\/media?parent=67459"}],"wp:term":[{"taxonomy":"category","embeddable":true,"href":"https:\/\/infovera.com.ar\/web\/wp-json\/wp\/v2\/categories?post=67459"},{"taxonomy":"post_tag","embeddable":true,"href":"https:\/\/infovera.com.ar\/web\/wp-json\/wp\/v2\/tags?post=67459"}],"curies":[{"name":"wp","href":"https:\/\/api.w.org\/{rel}","templated":true}]}}