{"id":67456,"date":"2025-10-30T13:03:04","date_gmt":"2025-10-30T16:03:04","guid":{"rendered":"https:\/\/infovera.com.ar\/web\/?p=67456"},"modified":"2025-10-30T13:03:04","modified_gmt":"2025-10-30T16:03:04","slug":"reconquista-detuvieron-a-un-empleado-municipal-acusado-de-abigeato","status":"publish","type":"post","link":"https:\/\/infovera.com.ar\/web\/2025\/10\/30\/reconquista-detuvieron-a-un-empleado-municipal-acusado-de-abigeato\/","title":{"rendered":"Reconquista: detuvieron a un empleado municipal acusado de abigeato"},"content":{"rendered":"<p><strong>Efectivos de la Secci\u00f3n N\u00b0 26 de la Direcci\u00f3n General de Seguridad Rural \u201cLos Pumas\u201d, con asiento en Reconquista, esclarecieron un hecho de abigeato simple tras la denuncia radicada por el productor Hugo H\u00e9ctor Blanco, quien inform\u00f3 la sustracci\u00f3n de un ternero de su establecimiento rural ubicado sobre Ruta Nacional N\u00b0 11.<\/strong><\/p>\n<p>Con orden judicial, el personal actuante efectu\u00f3 un allanamiento en una vivienda de Calle 56, al este de la ciudad, donde se secuestraron dos terneros que fueron reconocidos por el denunciante como de su propiedad. Se verific\u00f3 adem\u00e1s, mediante registro f\u00edlmico, que las vacas madres amamantaron espont\u00e1neamente a los animales, lo que permiti\u00f3 confirmar su pertenencia.<\/p>\n<p>En continuidad con la investigaci\u00f3n, y por disposici\u00f3n del Ministerio P\u00fablico de la Acusaci\u00f3n, fue aprehendido Luciano Alfredo Rol\u00f3n, empleado de Maestranza Municipal, sindicado como autor del hecho. La detenci\u00f3n se concret\u00f3 sin incidentes y el implicado qued\u00f3 alojado en la celadur\u00eda de la Unidad Regional IX, a disposici\u00f3n de la justicia.<\/p>\n","protected":false},"excerpt":{"rendered":"<p>Efectivos de la Secci\u00f3n N\u00b0 26 de la Direcci\u00f3n General de Seguridad Rural \u201cLos Pumas\u201d, con asiento en Reconquista, esclarecieron un hecho de abigeato simple tras la denuncia radicada por el productor Hugo H\u00e9ctor Blanco, quien inform\u00f3 la sustracci\u00f3n de un ternero de su establecimiento rural ubicado sobre Ruta Nacional N\u00b0 11. Con orden judicial, [&hellip;]<\/p>\n","protected":false},"author":3,"featured_media":67457,"comment_status":"closed","ping_status":"closed","sticky":false,"template":"","format":"standard","meta":{"_joinchat":[],"footnotes":""},"categories":[30,61],"tags":[],"class_list":{"0":"post-67456","1":"post","2":"type-post","3":"status-publish","4":"format-standard","5":"has-post-thumbnail","7":"category-policiales","8":"category-regionales"},"_links":{"self":[{"href":"https:\/\/infovera.com.ar\/web\/wp-json\/wp\/v2\/posts\/67456","targetHints":{"allow":["GET"]}}],"collection":[{"href":"https:\/\/infovera.com.ar\/web\/wp-json\/wp\/v2\/posts"}],"about":[{"href":"https:\/\/infovera.com.ar\/web\/wp-json\/wp\/v2\/types\/post"}],"author":[{"embeddable":true,"href":"https:\/\/infovera.com.ar\/web\/wp-json\/wp\/v2\/users\/3"}],"replies":[{"embeddable":true,"href":"https:\/\/infovera.com.ar\/web\/wp-json\/wp\/v2\/comments?post=67456"}],"version-history":[{"count":0,"href":"https:\/\/infovera.com.ar\/web\/wp-json\/wp\/v2\/posts\/67456\/revisions"}],"wp:featuredmedia":[{"embeddable":true,"href":"https:\/\/infovera.com.ar\/web\/wp-json\/wp\/v2\/media\/67457"}],"wp:attachment":[{"href":"https:\/\/infovera.com.ar\/web\/wp-json\/wp\/v2\/media?parent=67456"}],"wp:term":[{"taxonomy":"category","embeddable":true,"href":"https:\/\/infovera.com.ar\/web\/wp-json\/wp\/v2\/categories?post=67456"},{"taxonomy":"post_tag","embeddable":true,"href":"https:\/\/infovera.com.ar\/web\/wp-json\/wp\/v2\/tags?post=67456"}],"curies":[{"name":"wp","href":"https:\/\/api.w.org\/{rel}","templated":true}]}}