{"id":67439,"date":"2025-10-30T10:33:31","date_gmt":"2025-10-30T13:33:31","guid":{"rendered":"https:\/\/infovera.com.ar\/web\/?p=67439"},"modified":"2025-10-30T10:38:14","modified_gmt":"2025-10-30T13:38:14","slug":"misteriosas-figuras-aparecieron-en-un-campo-de-avellaneda-el-testimonio-del-productor-raul-zamer","status":"publish","type":"post","link":"https:\/\/infovera.com.ar\/web\/2025\/10\/30\/misteriosas-figuras-aparecieron-en-un-campo-de-avellaneda-el-testimonio-del-productor-raul-zamer\/","title":{"rendered":"Misteriosas figuras aparecieron en un campo de Avellaneda: el testimonio del productor Ra\u00fal Zamer"},"content":{"rendered":"<p><strong>Un hecho ins\u00f3lito sorprendi\u00f3 a la zona rural de Avellaneda, en el norte santafesino, donde aparecieron extra\u00f1as figuras circulares perfectamente trazadas sobre un lote sembrado, sin que hasta el momento exista una explicaci\u00f3n concreta sobre su origen.<\/strong><\/p>\n<p>El productor agropecuario Ra\u00fal Zamer, quien alquila el campo donde se detectaron las marcas, relat\u00f3 c\u00f3mo se enter\u00f3 del hallazgo: \u201cEl due\u00f1o del campo que alquilo me mand\u00f3 un video con esas figuras. Al principio pens\u00e9 que era una moto corriendo una liebre, pero despu\u00e9s, cuando lo mir\u00e9 bien, me di cuenta de que no pod\u00eda ser eso. Fui hasta el lugar y realmente me sorprend\u00ed\u201d, cont\u00f3.<\/p>\n<div class=\"youtube-embed\" data-video_id=\"\"><iframe loading=\"lazy\" title=\"Misteriosas figuras aparecieron en un campo de Avellaneda: el testimonio del productor Ra\u00fal Zamer\" width=\"563\" height=\"1000\" src=\"https:\/\/www.youtube.com\/embed\/NLWQSabq-aE?feature=oembed&#038;enablejsapi=1\" frameborder=\"0\" allow=\"accelerometer; autoplay; clipboard-write; encrypted-media; gyroscope; picture-in-picture; web-share\" referrerpolicy=\"strict-origin-when-cross-origin\" allowfullscreen><\/iframe><\/div>\n<p>Gracias al uso de un dron proporcionado por t\u00e9cnicos de la Uni\u00f3n Agr\u00edcola de Avellaneda, pudieron observar desde el aire los c\u00edrculos y trazos geom\u00e9tricos con mayor claridad. \u201cDesde arriba se ve todo mucho m\u00e1s definido. Es algo raro, porque no hay huellas de maquinaria, ni indicios de que haya pasado un tractor o una moto\u201d, explic\u00f3 Zamer.<\/p>\n<p>El productor asegur\u00f3 que las marcas no podr\u00edan haber sido provocadas por animales, ya que \u201cun animal no deja figuras tan precisas ni tan parejas\u201d, y a\u00f1adi\u00f3 que en algunos sectores \u201cno se encontraron los granos, solo los tallos\u201d, lo cual tambi\u00e9n llam\u00f3 la atenci\u00f3n de los t\u00e9cnicos.<\/p>\n<p>Consultado sobre las posibles explicaciones, Zamer coment\u00f3 entre risas que ha escuchado de todo: \u201cAlgunos dicen que es una letra R, por Ra\u00fal, y que abajo hay como un chico o un c\u00edrculo. Otros hablan de fen\u00f3menos raros o de ondas. Yo sinceramente no s\u00e9 qu\u00e9 pensar. Solo s\u00e9 que es algo muy preciso, imposible de hacer con una moto o una plancha arrastrada\u201d.<\/p>\n<p>Adem\u00e1s, revel\u00f3 que a pocos kil\u00f3metros apareci\u00f3 una figura similar en otro campo, con forma de lazo o mo\u00f1o, lo que increment\u00f3 la curiosidad de los vecinos.<\/p>\n<p>Lejos de alarmarse, el productor tom\u00f3 el hecho con serenidad y fe: \u201cNo tengo miedo. Soy una persona creyente. Si es algo que viene de arriba, que sea algo bueno. Dicen que son ondas positivas. Ojal\u00e1 sea una se\u00f1al de una buena cosecha\u201d, expres\u00f3 entre risas.<\/p>\n<p>El caso, que r\u00e1pidamente se viraliz\u00f3 en redes sociales, sigue generando todo tipo de comentarios y teor\u00edas entre los pobladores y curiosos que se acercan al lugar.<\/p>\n<p><a href=\"https:\/\/infovera.com.ar\/web\/wp-content\/uploads\/2025\/10\/marcas.jpg\"><img loading=\"lazy\" decoding=\"async\" class=\"alignleft size-full wp-image-67442\" src=\"https:\/\/infovera.com.ar\/web\/wp-content\/uploads\/2025\/10\/marcas.jpg\" alt=\"\" width=\"1600\" height=\"1198\" srcset=\"https:\/\/infovera.com.ar\/web\/wp-content\/uploads\/2025\/10\/marcas.jpg 1600w, https:\/\/infovera.com.ar\/web\/wp-content\/uploads\/2025\/10\/marcas-561x420.jpg 561w, https:\/\/infovera.com.ar\/web\/wp-content\/uploads\/2025\/10\/marcas-80x60.jpg 80w, https:\/\/infovera.com.ar\/web\/wp-content\/uploads\/2025\/10\/marcas-696x521.jpg 696w, https:\/\/infovera.com.ar\/web\/wp-content\/uploads\/2025\/10\/marcas-1068x800.jpg 1068w, https:\/\/infovera.com.ar\/web\/wp-content\/uploads\/2025\/10\/marcas-265x198.jpg 265w\" sizes=\"auto, (max-width: 1600px) 100vw, 1600px\" \/><\/a><\/p>\n","protected":false},"excerpt":{"rendered":"<p>Un hecho ins\u00f3lito sorprendi\u00f3 a la zona rural de Avellaneda, en el norte santafesino, donde aparecieron extra\u00f1as figuras circulares perfectamente trazadas sobre un lote sembrado, sin que hasta el momento exista una explicaci\u00f3n concreta sobre su origen. El productor agropecuario Ra\u00fal Zamer, quien alquila el campo donde se detectaron las marcas, relat\u00f3 c\u00f3mo se enter\u00f3 [&hellip;]<\/p>\n","protected":false},"author":3,"featured_media":67440,"comment_status":"closed","ping_status":"closed","sticky":false,"template":"","format":"standard","meta":{"_joinchat":[],"footnotes":""},"categories":[61],"tags":[],"class_list":{"0":"post-67439","1":"post","2":"type-post","3":"status-publish","4":"format-standard","5":"has-post-thumbnail","7":"category-regionales"},"_links":{"self":[{"href":"https:\/\/infovera.com.ar\/web\/wp-json\/wp\/v2\/posts\/67439","targetHints":{"allow":["GET"]}}],"collection":[{"href":"https:\/\/infovera.com.ar\/web\/wp-json\/wp\/v2\/posts"}],"about":[{"href":"https:\/\/infovera.com.ar\/web\/wp-json\/wp\/v2\/types\/post"}],"author":[{"embeddable":true,"href":"https:\/\/infovera.com.ar\/web\/wp-json\/wp\/v2\/users\/3"}],"replies":[{"embeddable":true,"href":"https:\/\/infovera.com.ar\/web\/wp-json\/wp\/v2\/comments?post=67439"}],"version-history":[{"count":0,"href":"https:\/\/infovera.com.ar\/web\/wp-json\/wp\/v2\/posts\/67439\/revisions"}],"wp:featuredmedia":[{"embeddable":true,"href":"https:\/\/infovera.com.ar\/web\/wp-json\/wp\/v2\/media\/67440"}],"wp:attachment":[{"href":"https:\/\/infovera.com.ar\/web\/wp-json\/wp\/v2\/media?parent=67439"}],"wp:term":[{"taxonomy":"category","embeddable":true,"href":"https:\/\/infovera.com.ar\/web\/wp-json\/wp\/v2\/categories?post=67439"},{"taxonomy":"post_tag","embeddable":true,"href":"https:\/\/infovera.com.ar\/web\/wp-json\/wp\/v2\/tags?post=67439"}],"curies":[{"name":"wp","href":"https:\/\/api.w.org\/{rel}","templated":true}]}}