{"id":67433,"date":"2025-10-30T10:11:49","date_gmt":"2025-10-30T13:11:49","guid":{"rendered":"https:\/\/infovera.com.ar\/web\/?p=67433"},"modified":"2025-10-30T10:11:49","modified_gmt":"2025-10-30T13:11:49","slug":"diputados-recibieron-a-trabajadores-de-algodonera-avellaneda","status":"publish","type":"post","link":"https:\/\/infovera.com.ar\/web\/2025\/10\/30\/diputados-recibieron-a-trabajadores-de-algodonera-avellaneda\/","title":{"rendered":"Diputados recibieron a trabajadores de Algodonera Avellaneda"},"content":{"rendered":"<p><strong>La f\u00e1brica est\u00e1 paralizada y los empleados no cobraron octubre. \u201cEs una situaci\u00f3n compleja atravesada por la crisis del sector a nivel nacional y por la del Grupo Vicent\u00edn\u201d, dijo el diputado Blanco.<\/strong><\/p>\n<p>La Comisi\u00f3n de Asuntos Laborales de la C\u00e1mara de Diputados y Diputadas recibi\u00f3 a representantes de los trabajadores de Algodonera Avellaneda que est\u00e1n en conflicto laboral por falta de pago. \u201cHay una situaci\u00f3n de incertidumbre respecto al futuro de la f\u00e1brica. La crisis del sector textil y la falta de confianza en el grupo Vicent\u00edn agravan la situaci\u00f3n. Debemos ser serios y, entre todas las partes, encontrar soluciones que permitan no perder los puestos de trabajo\u201d, expres\u00f3 Joaqu\u00edn Blanco, diputado provincial y presidente de la comisi\u00f3n.<\/p>\n<p>Desde agosto 2024, Algodonera Avellaneda ven\u00eda trabajando a un 30% de su capacidad pero en octubre paraliz\u00f3 la f\u00e1brica y cort\u00f3 la cadena de pagos afectando a m\u00e1s de 250 familias. \u201cCon este modelo nacional, las crisis en el sector industrial son cada vez m\u00e1s recurrentes. La apertura importadora no debe desmantelar la capacidad de agregar valor a las provincias algodoneras\u201d, dijo el legislador socialista.<\/p>\n<p>\u201cAlgodonera Avellaneda, adem\u00e1s, forma parte del Grupo Vicent\u00edn por lo que tambi\u00e9n est\u00e1 atravesada por esa crisis de conducci\u00f3n, lo que genera falta de confianza en los proveedores y no les dan la materia prima que se necesita\u201d, explic\u00f3. \u201cEn estos momentos se est\u00e1 discutiendo sobre el futuro de Vicent\u00edn a trav\u00e9s de un proceso de cramdown y ser\u00eda muy importante agregar la continuidad de la Algodonera Avellaneda dentro de ese proceso\u201d, manifest\u00f3 Blanco.<\/p>\n<p>\u201cHay muchas empresas a nivel nacional que est\u00e1n trabajando con reducci\u00f3n de horarios. El sector est\u00e1 quebrado. La apertura de las importaciones hizo mucho da\u00f1o\u201d, cont\u00f3 Juan Carlos Bandeo, delegado del Sindicato de Textiles de Reconquista. \u201cNosotros cobramos por quincena y en octubre no nos dieron nada. Estuvimos reunidos con la empresa y no hay expectativas, no tienen materia prima y con esa firma no tenemos garant\u00edas de seguir trabajando\u201d, asever\u00f3.<\/p>\n<p>\u201cLa situaci\u00f3n es compleja. Nos reunimos para analizar el conflicto y posibles caminos a seguir con los trabajadores y el Gobierno de Santa Fe que est\u00e1 comprometido a encontrar una soluci\u00f3n. Debemos entender que hay 250 familias del norte sufriendo\u201d, finaliz\u00f3 Blanco.<\/p>\n<p>De la reuni\u00f3n, participaron los diputados y diputadas: Carlos Del Frade (Frente Amplio); Mariano Cuvertino, Sergio Rojas y Mar\u00eda del Rosario Mancini (PS &#8211; Unidos); Silvana Di Stefano, Mart\u00edn Ros\u00faa y Dionisio Scarpin (UCR &#8211; Unidos); Astrid Hummel (PRO &#8211; Unidos); Celia Arena (Hacemos Santa Fe &#8211; PJ); Lucila De Ponti (PJ); Beatriz Brouwer (Somos Vida); Nicol\u00e1s Arga\u00f1ar\u00e1z (Inspirar).<\/p>\n","protected":false},"excerpt":{"rendered":"<p>La f\u00e1brica est\u00e1 paralizada y los empleados no cobraron octubre. \u201cEs una situaci\u00f3n compleja atravesada por la crisis del sector a nivel nacional y por la del Grupo Vicent\u00edn\u201d, dijo el diputado Blanco. La Comisi\u00f3n de Asuntos Laborales de la C\u00e1mara de Diputados y Diputadas recibi\u00f3 a representantes de los trabajadores de Algodonera Avellaneda que [&hellip;]<\/p>\n","protected":false},"author":3,"featured_media":67434,"comment_status":"closed","ping_status":"closed","sticky":false,"template":"","format":"standard","meta":{"_joinchat":[],"footnotes":""},"categories":[60],"tags":[],"class_list":{"0":"post-67433","1":"post","2":"type-post","3":"status-publish","4":"format-standard","5":"has-post-thumbnail","7":"category-provinciales"},"_links":{"self":[{"href":"https:\/\/infovera.com.ar\/web\/wp-json\/wp\/v2\/posts\/67433","targetHints":{"allow":["GET"]}}],"collection":[{"href":"https:\/\/infovera.com.ar\/web\/wp-json\/wp\/v2\/posts"}],"about":[{"href":"https:\/\/infovera.com.ar\/web\/wp-json\/wp\/v2\/types\/post"}],"author":[{"embeddable":true,"href":"https:\/\/infovera.com.ar\/web\/wp-json\/wp\/v2\/users\/3"}],"replies":[{"embeddable":true,"href":"https:\/\/infovera.com.ar\/web\/wp-json\/wp\/v2\/comments?post=67433"}],"version-history":[{"count":0,"href":"https:\/\/infovera.com.ar\/web\/wp-json\/wp\/v2\/posts\/67433\/revisions"}],"wp:featuredmedia":[{"embeddable":true,"href":"https:\/\/infovera.com.ar\/web\/wp-json\/wp\/v2\/media\/67434"}],"wp:attachment":[{"href":"https:\/\/infovera.com.ar\/web\/wp-json\/wp\/v2\/media?parent=67433"}],"wp:term":[{"taxonomy":"category","embeddable":true,"href":"https:\/\/infovera.com.ar\/web\/wp-json\/wp\/v2\/categories?post=67433"},{"taxonomy":"post_tag","embeddable":true,"href":"https:\/\/infovera.com.ar\/web\/wp-json\/wp\/v2\/tags?post=67433"}],"curies":[{"name":"wp","href":"https:\/\/api.w.org\/{rel}","templated":true}]}}