{"id":67426,"date":"2025-10-30T10:03:44","date_gmt":"2025-10-30T13:03:44","guid":{"rendered":"https:\/\/infovera.com.ar\/web\/?p=67426"},"modified":"2025-10-30T19:49:40","modified_gmt":"2025-10-30T22:49:40","slug":"jornada-debate-sobre-la-ley-de-bosques-en-vera","status":"publish","type":"post","link":"https:\/\/infovera.com.ar\/web\/2025\/10\/30\/jornada-debate-sobre-la-ley-de-bosques-en-vera\/","title":{"rendered":"Jornada debate sobre la Ley de Bosques en Vera"},"content":{"rendered":"<p><strong>La iniciativa del senador Osvaldo Sosa, acompa\u00f1ada por el diputado Sergio Rojas, cont\u00f3 con la presencia de los equipos t\u00e9cnicos de ambos legisladores, del Subsecretario de Ambiente y Cambio Clim\u00e1tico, Germ\u00e1n Falo; del director de Recursos Naturales y Ecolog\u00eda, Javier Raffaelli y el ingeniero Eduardo Meurzet.<\/strong><\/p>\n<p>Los invitados especiales fueron la intendente de Vera, Paula Mitre, Alfredo Buffi, por el Centro Comercial e Industrial de Vera, Sebasti\u00e1n Volkart por la Sociedad Rural de Vera y los presidentes comunales del interior departamental.<\/p>\n<p>La tem\u00e1tica abordada tuvo que ver con los planes de manejo en el marco de la Ley Nacional de Bosques y la implementaci\u00f3n de las Gu\u00edas para el transporte de productos forestales.<\/p>\n<p>Seg\u00fan Falo \u201ces necesario un reordenamiento territorial del monte, dado que la Ley de Bosques es de cumplimiento obligatorio para preservar el bosque nativo en funci\u00f3n de la producci\u00f3n\u201d.<\/p>\n<p>Se dej\u00f3 en claro \u201cque las Gu\u00edas Forestales son gratis, que existen unos 200 planes de manejo y que el sistema est\u00e1 yendo a un proceso de digitalizaci\u00f3n, lo que en cierto modo tornar\u00eda m\u00e1s pr\u00e1ctico el procedimiento\u201d.<\/p>\n<p>Algunos presidentes comunales mostraron su inquietud en cuanto al trato que se tiene con los peque\u00f1os le\u00f1adores que \u201cno saben hacer otra tarea y son condenados a la ilegalidad\u201d. En cuanto a las Gu\u00edas se reclam\u00f3 ampliar el per\u00edodo de vigencia que solo se limita a 24 horas y en esta zona el proceso de carga y transporte insume, a menudo, mucho m\u00e1s tiempo.<\/p>\n<p>Los funcionarios expresaron la necesidad de \u201cmotivar a los propietarios para que se sumen a los planes de manejo que no son solo para la forestaci\u00f3n sino que tambi\u00e9n influyen para mejorar la producci\u00f3n ganadera\u201d.<\/p>\n<p>Desde la SRV se manifest\u00f3 que es necesario brindar atenci\u00f3n y asesoramiento a los productores y trabajadores, para lo cual es necesario contar con una oficina a cargo de un personal id\u00f3neo debidamente capacitado, ofreciendo un \u00e1mbito en su edificio para cumplir con ese cometido.<\/p>\n<p>Al t\u00e9rmino del encuentro Germ\u00e1n Falo expres\u00f3 su agradecimiento al senador Sosa y al diputado Rojas, adem\u00e1s de todos los que asistieron, \u201cno solamente para escuchar lo que venimos haciendo desde el Ministerio de Ambiente como \u00f3rgano de aplicaci\u00f3n de la Ley de Bosques, sino que tambi\u00e9n ellos vinieron a exponer sus experiencias y preocupaciones que tiene que ver con el principal objetivo que es convertir el bosque nativo en una oportunidad para poder conservarlo, pero haciendo una producci\u00f3n sostenible quitando los mitos que pesan sobre el manejo del monte nativo\u201d.<\/p>\n<p>A pesar de las complicaciones que se presentan en distintas situaciones, vale destacar el clima distendido y lo positivo que result\u00f3 debatir un tema tan complejo en una mesa en com\u00fan y de frente, buscando soluciones posibles.<\/p>\n<p>Letyana Press<\/p>\n","protected":false},"excerpt":{"rendered":"<p>La iniciativa del senador Osvaldo Sosa, acompa\u00f1ada por el diputado Sergio Rojas, cont\u00f3 con la presencia de los equipos t\u00e9cnicos de ambos legisladores, del Subsecretario de Ambiente y Cambio Clim\u00e1tico, Germ\u00e1n Falo; del director de Recursos Naturales y Ecolog\u00eda, Javier Raffaelli y el ingeniero Eduardo Meurzet. Los invitados especiales fueron la intendente de Vera, Paula [&hellip;]<\/p>\n","protected":false},"author":3,"featured_media":67427,"comment_status":"closed","ping_status":"closed","sticky":false,"template":"","format":"standard","meta":{"_joinchat":[],"footnotes":""},"categories":[53],"tags":[],"class_list":{"0":"post-67426","1":"post","2":"type-post","3":"status-publish","4":"format-standard","5":"has-post-thumbnail","7":"category-vera"},"_links":{"self":[{"href":"https:\/\/infovera.com.ar\/web\/wp-json\/wp\/v2\/posts\/67426","targetHints":{"allow":["GET"]}}],"collection":[{"href":"https:\/\/infovera.com.ar\/web\/wp-json\/wp\/v2\/posts"}],"about":[{"href":"https:\/\/infovera.com.ar\/web\/wp-json\/wp\/v2\/types\/post"}],"author":[{"embeddable":true,"href":"https:\/\/infovera.com.ar\/web\/wp-json\/wp\/v2\/users\/3"}],"replies":[{"embeddable":true,"href":"https:\/\/infovera.com.ar\/web\/wp-json\/wp\/v2\/comments?post=67426"}],"version-history":[{"count":0,"href":"https:\/\/infovera.com.ar\/web\/wp-json\/wp\/v2\/posts\/67426\/revisions"}],"wp:featuredmedia":[{"embeddable":true,"href":"https:\/\/infovera.com.ar\/web\/wp-json\/wp\/v2\/media\/67427"}],"wp:attachment":[{"href":"https:\/\/infovera.com.ar\/web\/wp-json\/wp\/v2\/media?parent=67426"}],"wp:term":[{"taxonomy":"category","embeddable":true,"href":"https:\/\/infovera.com.ar\/web\/wp-json\/wp\/v2\/categories?post=67426"},{"taxonomy":"post_tag","embeddable":true,"href":"https:\/\/infovera.com.ar\/web\/wp-json\/wp\/v2\/tags?post=67426"}],"curies":[{"name":"wp","href":"https:\/\/api.w.org\/{rel}","templated":true}]}}