{"id":67423,"date":"2025-10-30T10:01:16","date_gmt":"2025-10-30T13:01:16","guid":{"rendered":"https:\/\/infovera.com.ar\/web\/?p=67423"},"modified":"2025-10-30T14:14:40","modified_gmt":"2025-10-30T17:14:40","slug":"el-arte-joven-volvio-a-escena-en-el-teatro-espanol","status":"publish","type":"post","link":"https:\/\/infovera.com.ar\/web\/2025\/10\/30\/el-arte-joven-volvio-a-escena-en-el-teatro-espanol\/","title":{"rendered":"El arte joven volvi\u00f3 a escena en el Teatro Espa\u00f1ol"},"content":{"rendered":"<p><strong>El hist\u00f3rico espacio cultural volvi\u00f3 a llenarse de voces, risas y emociones con la energ\u00eda de los j\u00f3venes artistas de las escuelas secundarias de la ciudad y del distrito.<\/strong><\/p>\n<p>Este encuentro, que ya se ha convertido en una tradici\u00f3n educativa y cultural, celebra la creatividad, la expresi\u00f3n y el trabajo colectivo de los adolescentes, que presentar\u00e1n a lo largo de varios d\u00edas las obras teatrales que prepararon junto a sus docentes.<br \/>\nOrganizado de manera conjunta por la Direcci\u00f3n de Cultura de la Municipalidad de Vera y la EEMPA N\u00ba 1049 de Vera, el festival reafirma el compromiso de la comunidad con el arte, la educaci\u00f3n y la participaci\u00f3n juvenil.<\/p>\n<p>La intendente Paula Mitre expres\u00f3 su entusiasmo por esta nueva edici\u00f3n y destac\u00f3 el valor simb\u00f3lico de su regreso al Cine Teatro Espa\u00f1ol; \u201cVolver a este espacio tan querido, completamente renovado, es una enorme alegr\u00eda. El teatro nos une, nos invita a pensar y nos hace crecer como comunidad. Queremos que nuestros j\u00f3venes encuentren aqu\u00ed un lugar para expresarse, imaginar y construir juntos un futuro con m\u00e1s arte y m\u00e1s cultura.\u201d<\/p>\n<p>El director de Cultura, Eduardo Perot, resalt\u00f3 el impacto formativo del festival porque \u201cllegar a la s\u00e9ptima edici\u00f3n demuestra que este proyecto tiene ra\u00edces profundas. Cada grupo que participa deja una huella. El teatro estudiantil es un espacio donde los chicos se animan a crear, a comunicarse y a trabajar en equipo. Y hacerlo en un Cine Teatro Espa\u00f1ol renovado le da un valor muy especial.\u201d<\/p>\n<p>Por su parte, la directora de la EEMPA, Liliana Monrrobel, subray\u00f3 la importancia pedag\u00f3gica del encuentro dado que \u201ceste festival es el resultado de la pasi\u00f3n y el compromiso de docentes y estudiantes. Es una experiencia educativa \u00fanica, donde el arte se convierte en un medio para aprender, compartir y crecer. Nos emociona profundamente volver al teatro con esta s\u00e9ptima edici\u00f3n.\u201d<\/p>\n<p>La primera puesta en escena estuvo a cargo de la EESO N\u00ba 563, de Garabato, con \u201cLas obras del cocinero\u201d, de Adela Basch.<\/p>\n<p>Con esta nueva edici\u00f3n, el Festival de Teatro Estudiantil de Vera se consolida como un espacio que promueve la creatividad, la empat\u00eda y la expresi\u00f3n juvenil, reafirmando que el arte y la educaci\u00f3n son pilares esenciales para el desarrollo de una comunidad m\u00e1s libre, sensible y participativa.<\/p>\n<p>Letyana Press<\/p>\n","protected":false},"excerpt":{"rendered":"<p>El hist\u00f3rico espacio cultural volvi\u00f3 a llenarse de voces, risas y emociones con la energ\u00eda de los j\u00f3venes artistas de las escuelas secundarias de la ciudad y del distrito. Este encuentro, que ya se ha convertido en una tradici\u00f3n educativa y cultural, celebra la creatividad, la expresi\u00f3n y el trabajo colectivo de los adolescentes, que [&hellip;]<\/p>\n","protected":false},"author":3,"featured_media":67424,"comment_status":"closed","ping_status":"closed","sticky":false,"template":"","format":"standard","meta":{"_joinchat":[],"footnotes":""},"categories":[40,53],"tags":[],"class_list":{"0":"post-67423","1":"post","2":"type-post","3":"status-publish","4":"format-standard","5":"has-post-thumbnail","7":"category-cultura","8":"category-vera"},"_links":{"self":[{"href":"https:\/\/infovera.com.ar\/web\/wp-json\/wp\/v2\/posts\/67423","targetHints":{"allow":["GET"]}}],"collection":[{"href":"https:\/\/infovera.com.ar\/web\/wp-json\/wp\/v2\/posts"}],"about":[{"href":"https:\/\/infovera.com.ar\/web\/wp-json\/wp\/v2\/types\/post"}],"author":[{"embeddable":true,"href":"https:\/\/infovera.com.ar\/web\/wp-json\/wp\/v2\/users\/3"}],"replies":[{"embeddable":true,"href":"https:\/\/infovera.com.ar\/web\/wp-json\/wp\/v2\/comments?post=67423"}],"version-history":[{"count":0,"href":"https:\/\/infovera.com.ar\/web\/wp-json\/wp\/v2\/posts\/67423\/revisions"}],"wp:featuredmedia":[{"embeddable":true,"href":"https:\/\/infovera.com.ar\/web\/wp-json\/wp\/v2\/media\/67424"}],"wp:attachment":[{"href":"https:\/\/infovera.com.ar\/web\/wp-json\/wp\/v2\/media?parent=67423"}],"wp:term":[{"taxonomy":"category","embeddable":true,"href":"https:\/\/infovera.com.ar\/web\/wp-json\/wp\/v2\/categories?post=67423"},{"taxonomy":"post_tag","embeddable":true,"href":"https:\/\/infovera.com.ar\/web\/wp-json\/wp\/v2\/tags?post=67423"}],"curies":[{"name":"wp","href":"https:\/\/api.w.org\/{rel}","templated":true}]}}