{"id":67417,"date":"2025-10-29T13:00:58","date_gmt":"2025-10-29T16:00:58","guid":{"rendered":"https:\/\/infovera.com.ar\/web\/?p=67417"},"modified":"2025-10-30T10:07:06","modified_gmt":"2025-10-30T13:07:06","slug":"san-justo-robo-datos-biometricos-a-personas-de-su-entorno-y-los-estafo-por-casi-70-millones","status":"publish","type":"post","link":"https:\/\/infovera.com.ar\/web\/2025\/10\/29\/san-justo-robo-datos-biometricos-a-personas-de-su-entorno-y-los-estafo-por-casi-70-millones\/","title":{"rendered":"San Justo: rob\u00f3 datos biom\u00e9tricos a personas de su entorno y las estaf\u00f3 por casi $ 70 millones"},"content":{"rendered":"<p><strong>La medida cautelar fue dispuesta a pedido del fiscal Agust\u00edn Nigro, en una audiencia que se desarroll\u00f3 ayer en los tribunales de la ciudad de Santa Fe. Al imputado se le atribuy\u00f3 haberse apoderado de los datos biom\u00e9tricos de las v\u00edctimas \u2013quienes son padre e hijo y viven en San Justo\u2013, y haberlas defraudado por un total de 69.756.000 pesos. En el marco del mismo legajo penal tambi\u00e9n se investiga a una mujer que ser\u00e1 imputada ma\u00f1ana<\/strong>.<\/p>\n<p>Qued\u00f3 en prisi\u00f3n preventiva un hombre de 30 a\u00f1os, cuyas iniciales son FLB, al que se investiga por haber abierto cuentas bancarias a nombre de dos personas a las que les gener\u00f3 perjuicios econ\u00f3micos por un total de 69.756.000 pesos. Las v\u00edctimas son padre e hijo, viven en San Justo e integran el entorno familiar del imputado, quien tambi\u00e9n es oriundo de esa ciudad.<\/p>\n<p>La medida cautelar fue solicitada por el fiscal Agust\u00edn Nigro e impuesta por el juez de la Investigaci\u00f3n Penal Preparatoria (IPP), Sergio Carraro, en una audiencia que se realiz\u00f3 ayer en los tribunales de la ciudad de Santa Fe.<\/p>\n<p>Seg\u00fan inform\u00f3 Nigro, \u201cen el marco del mismo legajo penal se investiga como coautora de las defraudaciones a una hermana del hombre que transitar\u00e1 el proceso judicial en preventiva\u201d. En tal sentido, adelant\u00f3 que \u201cella ser\u00e1 imputada ma\u00f1ana\u201d.<\/p>\n<p>Datos biom\u00e9tricos<\/p>\n<p>El funcionario del MPA indic\u00f3 que \u201ca principios de este a\u00f1o, el imputado y su hermana se apropiaron ileg\u00edtimamente de los datos biom\u00e9tricos de dos hombres, quienes por entonces eran la pareja y el suegro de la mujer investigada\u201d.<\/p>\n<p>Nigro expuso que \u201centre febrero y marzo, los coautores simularon las identidades de las v\u00edctimas y enga\u00f1aron a cuatro entidades bancarias en las que abrieron seis cuentas y contrataron productos financieros asociados\u201d. Al respecto, especific\u00f3 que \u201caccedieron a tarjetas de cr\u00e9dito y pr\u00e9stamos que utilizaron para obtener r\u00e9dito econ\u00f3mico en detrimento de los titulares, quienes desconoc\u00edan las solicitudes a su nombre\u201d.<\/p>\n<p>\u201cComo resultado de las maniobras delictivas, el suegro de la mujer investigada y el hijo de \u00e9l sufrieron perjuicios por 47.404.000 pesos y 22.352.000 pesos, respectivamente\u201d, detall\u00f3 el fiscal.<\/p>\n<p>Defraudaci\u00f3n<\/p>\n<p>Nigro le atribuy\u00f3 al hombre de iniciales FLB la coautor\u00eda del delito de defraudaci\u00f3n.<\/p>\n","protected":false},"excerpt":{"rendered":"<p>La medida cautelar fue dispuesta a pedido del fiscal Agust\u00edn Nigro, en una audiencia que se desarroll\u00f3 ayer en los tribunales de la ciudad de Santa Fe. Al imputado se le atribuy\u00f3 haberse apoderado de los datos biom\u00e9tricos de las v\u00edctimas \u2013quienes son padre e hijo y viven en San Justo\u2013, y haberlas defraudado por [&hellip;]<\/p>\n","protected":false},"author":3,"featured_media":67418,"comment_status":"closed","ping_status":"closed","sticky":false,"template":"","format":"standard","meta":{"_joinchat":[],"footnotes":""},"categories":[30,61],"tags":[],"class_list":{"0":"post-67417","1":"post","2":"type-post","3":"status-publish","4":"format-standard","5":"has-post-thumbnail","7":"category-policiales","8":"category-regionales"},"_links":{"self":[{"href":"https:\/\/infovera.com.ar\/web\/wp-json\/wp\/v2\/posts\/67417","targetHints":{"allow":["GET"]}}],"collection":[{"href":"https:\/\/infovera.com.ar\/web\/wp-json\/wp\/v2\/posts"}],"about":[{"href":"https:\/\/infovera.com.ar\/web\/wp-json\/wp\/v2\/types\/post"}],"author":[{"embeddable":true,"href":"https:\/\/infovera.com.ar\/web\/wp-json\/wp\/v2\/users\/3"}],"replies":[{"embeddable":true,"href":"https:\/\/infovera.com.ar\/web\/wp-json\/wp\/v2\/comments?post=67417"}],"version-history":[{"count":0,"href":"https:\/\/infovera.com.ar\/web\/wp-json\/wp\/v2\/posts\/67417\/revisions"}],"wp:featuredmedia":[{"embeddable":true,"href":"https:\/\/infovera.com.ar\/web\/wp-json\/wp\/v2\/media\/67418"}],"wp:attachment":[{"href":"https:\/\/infovera.com.ar\/web\/wp-json\/wp\/v2\/media?parent=67417"}],"wp:term":[{"taxonomy":"category","embeddable":true,"href":"https:\/\/infovera.com.ar\/web\/wp-json\/wp\/v2\/categories?post=67417"},{"taxonomy":"post_tag","embeddable":true,"href":"https:\/\/infovera.com.ar\/web\/wp-json\/wp\/v2\/tags?post=67417"}],"curies":[{"name":"wp","href":"https:\/\/api.w.org\/{rel}","templated":true}]}}