{"id":67411,"date":"2025-10-29T13:33:38","date_gmt":"2025-10-29T16:33:38","guid":{"rendered":"https:\/\/infovera.com.ar\/web\/?p=67411"},"modified":"2025-10-29T13:33:38","modified_gmt":"2025-10-29T16:33:38","slug":"dia-mundial-del-acv-provincia-fortalece-la-atencion-en-red-para-disminuir-los-casos-graves-y-las-secuelas","status":"publish","type":"post","link":"https:\/\/infovera.com.ar\/web\/2025\/10\/29\/dia-mundial-del-acv-provincia-fortalece-la-atencion-en-red-para-disminuir-los-casos-graves-y-las-secuelas\/","title":{"rendered":"D\u00eda mundial del ACV: Provincia fortalece la atenci\u00f3n en red para disminuir los casos graves y las secuelas"},"content":{"rendered":"<p>Cada 29 de octubre se recuerda el D\u00eda Mundial del ACV, segunda causa de muerte y primera de discapacidad en el mundo. En este marco, la Provincia de Santa Fe refuerza la prevenci\u00f3n y el trabajo en red con capacitaci\u00f3n, equipamiento y protocolos unificados para mejorar la detecci\u00f3n y atenci\u00f3n oportuna.<\/p>\n<p>En el D\u00eda Mundial del Accidente Cerebrovascular (ACV), el Ministerio de Salud de la Provincia de Santa Fe recuerda la importancia de la prevenci\u00f3n, el reconocimiento de los s\u00edntomas y la acci\u00f3n r\u00e1pida, trabajando con los equipos de la salud p\u00fablica para fortalecer la respuesta en red, con capacitaci\u00f3n, insumos y equipamiento.<\/p>\n<p>As\u00ed lo expres\u00f3 este mi\u00e9rcoles, el director de Procesos Hospitalarios, Sebasti\u00e1n Nicol\u00e1s, durante una jornada de concientizaci\u00f3n que tuvo lugar en la Plaza del Soldado, en la ciudad de Santa Fe, junto a la Fundaci\u00f3n para la Cobertura del Aneurisma Cerebral (Fucac) y la Municipalidad de la capital santafesina. En este marco, destac\u00f3 que la salud p\u00fablica santafesina cuenta con unidades especiales para la atenci\u00f3n del ACV en el Hospital Centenario y en el Heca (de gesti\u00f3n municipal), en Rosario; y en el Hospital \u201cJos\u00e9 Mar\u00eda Cullen\u201d, en la capital provincial. En estos efectores se tratan los casos que pueden resolverse con f\u00e1rmacos (tromb\u00f3lisis intravenosa) o mediante un procedimiento m\u00ednimamente invasivo (trombectom\u00eda mec\u00e1nica) para eliminar co\u00e1gulos que interrumpen el flujo sangu\u00edneo al cerebro.<\/p>\n<p>\u201cEl Ministerio de Salud, a trav\u00e9s de la Secretar\u00eda de Tercer Nivel, considera el ACV una prioridad sanitaria, en consonancia con la pol\u00edtica de la ministra Silvia Ciancio, que impulsa fortalecer la atenci\u00f3n en red con estrategias que integren prevenci\u00f3n, atenci\u00f3n aguda y rehabilitaci\u00f3n\u201d, precis\u00f3. En el centro-norte se impulsa la Red Integrada de Atenci\u00f3n del ACV, que incluye efectores provinciales y municipales del \u00e1rea metropolitana. Los ejes de trabajo comprenden protocolos unificados de diagn\u00f3stico y derivaci\u00f3n, capacitaci\u00f3n, l\u00edneas directas de comunicaci\u00f3n y telemedicina, coordinaci\u00f3n con el SIES 107 y transporte sanitario, adem\u00e1s del monitoreo de indicadores.<\/p>\n<p>El Hospital Cullen ser\u00e1 centro de referencia regional y avanza hacia una acreditaci\u00f3n internacional de ese rol, como centro de atenci\u00f3n del ACV, ante la World Stroke Organization.<\/p>\n<p>Los hospitales de mayor complejidad de la Provincia, agreg\u00f3, \u201ccuentan con tom\u00f3grafos y resonadores de \u00faltima generaci\u00f3n, y trabajamos en red con equipos de angiograf\u00eda que, junto a la capacidad de los profesionales, permiten reducir la mortalidad y las secuelas de discapacidad\u201d.<\/p>\n<p>Finalmente, remarc\u00f3 la participaci\u00f3n reciente de Santa Fe en el Primer Foro Federal sobre Pol\u00edticas y Redes de Atenci\u00f3n del ACV Isqu\u00e9mico, y la cooperaci\u00f3n internacional por la que \u201cen noviembre el secretario de Tercer Nivel de Atenci\u00f3n, C\u00e9sar Pauloni, representar\u00e1 al Ministerio en el evento de la Global Stroke Alliance (GSA)\u201d.<\/p>\n<p>Articulaci\u00f3n local<\/p>\n<p>El presidente de la Fucac, Alejandro Mussachio, valor\u00f3 el trabajo conjunto con la Provincia y el municipio. \u201cDesde hace m\u00e1s de 15 a\u00f1os venimos trabajando con la Fundaci\u00f3n en prevenci\u00f3n y atenci\u00f3n del ACV. La gen\u00e9tica influye en un 40 % de los casos, pero el 60 % depende de factores que podemos modificar: hipertensi\u00f3n, diabetes, tabaquismo, alcohol, estr\u00e9s, consumo de drogas, obesidad y sedentarismo\u201d, se\u00f1al\u00f3.<\/p>\n<p>A su turno, la subsecretaria de Salud de la Municipalidad de Santa Fe, Lorena Massari, destac\u00f3 la importancia del abordaje conjunto. \u201cSiguiendo el lineamiento del intendente Juan Pablo Poletti, trabajamos en equipo para promover h\u00e1bitos saludables, prevenir la hipertensi\u00f3n y la diabetes, y reconocer tempranamente los s\u00edntomas del ACV. Hoy tambi\u00e9n acercamos propuestas de actividad f\u00edsica, porque la promoci\u00f3n de la salud es clave para reducir los factores de riesgo\u201d, afirm\u00f3.<\/p>\n<p>Caminata en Rosario<\/p>\n<p>El domingo 9 de noviembre, desde las 9, se realizar\u00e1 una caminata de 2K y actividades de difusi\u00f3n en avenida de la Costa Estanislao L\u00f3pez, entre Oro\u00f1o y Alvear, convocada por el Hospital Centenario, a trav\u00e9s de su servicio de Neurolog\u00eda, junto a otras instituciones. Es gratuita y no requiere inscripci\u00f3n previa.<\/p>\n","protected":false},"excerpt":{"rendered":"<p>Cada 29 de octubre se recuerda el D\u00eda Mundial del ACV, segunda causa de muerte y primera de discapacidad en el mundo. En este marco, la Provincia de Santa Fe refuerza la prevenci\u00f3n y el trabajo en red con capacitaci\u00f3n, equipamiento y protocolos unificados para mejorar la detecci\u00f3n y atenci\u00f3n oportuna. En el D\u00eda Mundial [&hellip;]<\/p>\n","protected":false},"author":3,"featured_media":67413,"comment_status":"closed","ping_status":"closed","sticky":false,"template":"","format":"standard","meta":{"_joinchat":[],"footnotes":""},"categories":[60],"tags":[],"class_list":{"0":"post-67411","1":"post","2":"type-post","3":"status-publish","4":"format-standard","5":"has-post-thumbnail","7":"category-provinciales"},"_links":{"self":[{"href":"https:\/\/infovera.com.ar\/web\/wp-json\/wp\/v2\/posts\/67411","targetHints":{"allow":["GET"]}}],"collection":[{"href":"https:\/\/infovera.com.ar\/web\/wp-json\/wp\/v2\/posts"}],"about":[{"href":"https:\/\/infovera.com.ar\/web\/wp-json\/wp\/v2\/types\/post"}],"author":[{"embeddable":true,"href":"https:\/\/infovera.com.ar\/web\/wp-json\/wp\/v2\/users\/3"}],"replies":[{"embeddable":true,"href":"https:\/\/infovera.com.ar\/web\/wp-json\/wp\/v2\/comments?post=67411"}],"version-history":[{"count":0,"href":"https:\/\/infovera.com.ar\/web\/wp-json\/wp\/v2\/posts\/67411\/revisions"}],"wp:featuredmedia":[{"embeddable":true,"href":"https:\/\/infovera.com.ar\/web\/wp-json\/wp\/v2\/media\/67413"}],"wp:attachment":[{"href":"https:\/\/infovera.com.ar\/web\/wp-json\/wp\/v2\/media?parent=67411"}],"wp:term":[{"taxonomy":"category","embeddable":true,"href":"https:\/\/infovera.com.ar\/web\/wp-json\/wp\/v2\/categories?post=67411"},{"taxonomy":"post_tag","embeddable":true,"href":"https:\/\/infovera.com.ar\/web\/wp-json\/wp\/v2\/tags?post=67411"}],"curies":[{"name":"wp","href":"https:\/\/api.w.org\/{rel}","templated":true}]}}