{"id":67410,"date":"2025-10-29T13:40:04","date_gmt":"2025-10-29T16:40:04","guid":{"rendered":"https:\/\/infovera.com.ar\/web\/?p=67410"},"modified":"2025-10-30T14:15:39","modified_gmt":"2025-10-30T17:15:39","slug":"imputaron-por-abuso-sexual-en-estado-de-libertad-al-profesor-de-la-escuela-san-jose-de-calazans","status":"publish","type":"post","link":"https:\/\/infovera.com.ar\/web\/2025\/10\/29\/imputaron-por-abuso-sexual-en-estado-de-libertad-al-profesor-de-la-escuela-san-jose-de-calazans\/","title":{"rendered":"Imputaron por abuso sexual, en estado de libertad, al profesor de la Escuela &#8220;San Jos\u00e9 de Calazans&#8221;"},"content":{"rendered":"<p><strong>La fiscal Elisabet Aguirre le atribuy\u00f3 al docente Jos\u00e9 Mart\u00edn los delitos de abuso sexual simple y amenazas.<\/strong><\/p>\n<p>En la ma\u00f1ana de este mi\u00e9rcoles, el docente Jos\u00e9 Mart\u00edn, que se desempe\u00f1aba en la Escuela &#8220;San Jos\u00e9 de Calasanz&#8221; de la ciudad de Vera, fue imputado por el delito de abuso sexual simple en concurso real con amenazas, en perjuicio de dos alumnas menores de edad del turno primaria.<\/p>\n<p><strong>La audiencia se llev\u00f3 a cabo alrededor de las 8 en sede del Ministerio P\u00fablico de la Acusaci\u00f3n, a cargo de la fiscal Elisabet Aguirre, quien formaliz\u00f3 la acusaci\u00f3n en estado de libertad.<\/strong> Seg\u00fan la investigaci\u00f3n, el docente habr\u00eda realizado tocamientos indebidos de zonas \u00edntimas, sobre la ropa a las v\u00edctimas y dentro del \u00e1mbito escolar, y habr\u00eda ejercido amenazas, advirti\u00e9ndoles que no las aprobar\u00eda si contaban lo ocurrido.<\/p>\n<p>Los hechos denunciados fueron detectados a partir de la intervenci\u00f3n de padres, y dieron lugar a la actuaci\u00f3n del Ministerio de Educaci\u00f3n, que dispuso la separaci\u00f3n preventiva del cargo mientras avanza la causa judicial.<\/p>\n<p>Tras la imputaci\u00f3n, el acusado permanece en libertad, aunque se le impusieron restricciones de contacto con las v\u00edctimas. <strong>En las pr\u00f3ximas semanas, se prev\u00e9 la realizaci\u00f3n de la declaraci\u00f3n de las menores en C\u00e1mara Gesell, instancia clave en la investigaci\u00f3n.<\/strong><\/p>\n<p><strong>Apartado del cargo<\/strong><\/p>\n<p>El delegado regional de Educaci\u00f3n, Sergio Garc\u00eda, confirm\u00f3 la semana pasada a <strong>InfoVera<\/strong> que el Ministerio de Educaci\u00f3n de la Provincia de Santa Fe, a trav\u00e9s de la Delegaci\u00f3n Regional, dispuso la separaci\u00f3n preventiva del cargo de un docente de la ciudad de Vera denunciado por presuntas conductas inapropiadas hacia alumnos de una escuela local.<\/p>\n<p>\u201cLos chicos contaron situaciones que no son correctas dentro de la labor educativa. Inmediatamente se realiz\u00f3 la denuncia y el desplazamiento del cargo\u201d, explic\u00f3 el funcionario.<\/p>\n<p><strong>\u201cEn las actas que hay en la escuela se habla de que a algunos les pegaba \u201ccocos\u201d.\u00a0Yo pienso que habr\u00e1 sido algo por la cabeza. Los chicos dicen \u2018coco\u2019, no s\u00e9 a qu\u00e9 le dicen coco. Ac\u00e1 le dicen \u2018tosco\u2019. Y bueno, a otros les met\u00eda la birome por la remera y les sacaba la birome por atr\u00e1s.<\/strong> Esas situaciones son las que han ocurrido, digamos, que no son normales dentro de una escuela y menos de un docente\u201d, precis\u00f3.<\/p>\n<p>El profesor, que se desempe\u00f1aba como docente de taller manual en la Escuela San Jos\u00e9 de Calasanz y en otro taller educativo, fue separado de sus funciones. La denuncia fue radicada ante la Fiscal\u00eda de Vera, y el Ministerio activ\u00f3 los mecanismos administrativos previstos, derivando el caso a la Junta de Disciplina, que llevar\u00e1 adelante la investigaci\u00f3n sumarial correspondiente.<\/p>\n<p>\u201cEl docente fue notificado de la resoluci\u00f3n y no puede tener contacto con ni\u00f1os mientras dure la investigaci\u00f3n. Cumplir\u00e1 tareas administrativas en un instituto con personas adultas\u201d, precis\u00f3 Garc\u00eda.<\/p>\n","protected":false},"excerpt":{"rendered":"<p>La fiscal Elisabet Aguirre le atribuy\u00f3 al docente Jos\u00e9 Mart\u00edn los delitos de abuso sexual simple y amenazas. En la ma\u00f1ana de este mi\u00e9rcoles, el docente Jos\u00e9 Mart\u00edn, que se desempe\u00f1aba en la Escuela &#8220;San Jos\u00e9 de Calasanz&#8221; de la ciudad de Vera, fue imputado por el delito de abuso sexual simple en concurso real [&hellip;]<\/p>\n","protected":false},"author":3,"featured_media":67415,"comment_status":"closed","ping_status":"closed","sticky":false,"template":"","format":"standard","meta":{"_joinchat":[],"footnotes":""},"categories":[30,53],"tags":[],"class_list":{"0":"post-67410","1":"post","2":"type-post","3":"status-publish","4":"format-standard","5":"has-post-thumbnail","7":"category-policiales","8":"category-vera"},"_links":{"self":[{"href":"https:\/\/infovera.com.ar\/web\/wp-json\/wp\/v2\/posts\/67410","targetHints":{"allow":["GET"]}}],"collection":[{"href":"https:\/\/infovera.com.ar\/web\/wp-json\/wp\/v2\/posts"}],"about":[{"href":"https:\/\/infovera.com.ar\/web\/wp-json\/wp\/v2\/types\/post"}],"author":[{"embeddable":true,"href":"https:\/\/infovera.com.ar\/web\/wp-json\/wp\/v2\/users\/3"}],"replies":[{"embeddable":true,"href":"https:\/\/infovera.com.ar\/web\/wp-json\/wp\/v2\/comments?post=67410"}],"version-history":[{"count":0,"href":"https:\/\/infovera.com.ar\/web\/wp-json\/wp\/v2\/posts\/67410\/revisions"}],"wp:featuredmedia":[{"embeddable":true,"href":"https:\/\/infovera.com.ar\/web\/wp-json\/wp\/v2\/media\/67415"}],"wp:attachment":[{"href":"https:\/\/infovera.com.ar\/web\/wp-json\/wp\/v2\/media?parent=67410"}],"wp:term":[{"taxonomy":"category","embeddable":true,"href":"https:\/\/infovera.com.ar\/web\/wp-json\/wp\/v2\/categories?post=67410"},{"taxonomy":"post_tag","embeddable":true,"href":"https:\/\/infovera.com.ar\/web\/wp-json\/wp\/v2\/tags?post=67410"}],"curies":[{"name":"wp","href":"https:\/\/api.w.org\/{rel}","templated":true}]}}