{"id":67401,"date":"2025-10-28T12:11:54","date_gmt":"2025-10-28T15:11:54","guid":{"rendered":"https:\/\/infovera.com.ar\/web\/?p=67401"},"modified":"2025-10-29T14:17:58","modified_gmt":"2025-10-29T17:17:58","slug":"contra-el-uso-discrecional-de-fondos-de-asistencia-del-estado-peralta-presento-proyecto-de-ley","status":"publish","type":"post","link":"https:\/\/infovera.com.ar\/web\/2025\/10\/28\/contra-el-uso-discrecional-de-fondos-de-asistencia-del-estado-peralta-presento-proyecto-de-ley\/","title":{"rendered":"Contra el &#8220;uso discrecional de fondos de asistencia del Estado&#8221;, Peralta present\u00f3 proyecto de ley."},"content":{"rendered":"<p><strong>El diputado Emiliano Peralta present\u00f3 un proyecto de ley que busca limitar la discrecionalidad de los aportes del estado a asociaciones civiles o personas jur\u00eddicas en general de car\u00e1cter privado.<\/strong><\/p>\n<p>\u201cSe trata de un proyecto de ley que surge a partir de la necesidad de controlar cu\u00e1nto y a qui\u00e9n el estado le otorga ayudas o beneficios. El dinero del estado es, en realidad, dinero del contribuyente. Por lo tanto, nada mejor que un control de c\u00f3mo se gastan esos fondos\u201d empez\u00f3 Peralta.<\/p>\n<p>Son varios los motivos por los cuales a veces la Provincia otorga fondos a asociaciones civiles o personas jur\u00eddicas: pueden ser aportes no reintegrables, firmas de convenios o, muy frecuentemente, por terciarizaci\u00f3n de servicios. \u201c<\/p>\n<p>Muchas veces la Provincia no realiza por s\u00ed misma la actividad, sino que la delega en un privado; por ejemplo, en lo que tiene que ver con la lucha contra las adicciones o en los hogares de ni\u00f1os. Son asociaciones civiles quienes realizan la actividad, pero con fondos estatales\u201d, clarific\u00f3 el legislador.<\/p>\n<p>El proyecto de ley busca que cualquier desembolso en un a\u00f1o fiscal, sea todo junto o en pagos peri\u00f3dicos, que supere los doscientos millones de pesos ($ 200.000.000) por parte del estado o que sea efectuado a una asociaci\u00f3n civil o persona jur\u00eddica con menos de dos a\u00f1os de antig\u00fcedad, pase por la Legislatura que tendr\u00e1 un plazo m\u00e1ximo de sesenta (60) d\u00edas para aprobar dicho aporte, vencido el cual el aporte no puede ser realizado.<\/p>\n<p>Seg\u00fan el diputado \u201ces una tarea administrativa habitual que el estado realice este tipo de<br \/>\natribuci\u00f3n de fondos, pero cuando esos fondos superan cierto monto o son efectuados a entidades que tienen muy poco tiempo de existencia, es necesario el control y la aprobaci\u00f3n por parte del poder legislativo que es quien representa directamente al pueblo. El ciudadano debe tener control de los gastos del estado. No buscamos generar mayor burocracia, sino asegurarnos de que los fondos se otorgan con un margen determinado de discrecionalidad, sin arbitrariedades y quitando cualquier tipo de sospecha de que se beneficia a alguien en particular\u201d.<\/p>\n<p>El proyecto prev\u00e9 adem\u00e1s que la antig\u00fcedad estar\u00e1 avalada por un informe de la Inspecci\u00f3n General de Personas Jur\u00eddicas que certifique su regularidad y una memoria institucional m\u00e1s los datos de sus integrantes y responsables que acredite experiencia en la materia objeto del financiamiento.<\/p>\n<p>Por \u00faltimo, a los fines del l\u00edmite de los doscientos millones de pesos, el proyecto prev\u00e9 su<br \/>\nactualizaci\u00f3n autom\u00e1tica a\u00f1o tras a\u00f1o seg\u00fan el \u00edndice de precios al consumidor elaborado por el Instituto Provincial de Estad\u00edstica y Censos (IPEC).<\/p>\n","protected":false},"excerpt":{"rendered":"<p>El diputado Emiliano Peralta present\u00f3 un proyecto de ley que busca limitar la discrecionalidad de los aportes del estado a asociaciones civiles o personas jur\u00eddicas en general de car\u00e1cter privado. \u201cSe trata de un proyecto de ley que surge a partir de la necesidad de controlar cu\u00e1nto y a qui\u00e9n el estado le otorga ayudas [&hellip;]<\/p>\n","protected":false},"author":3,"featured_media":67402,"comment_status":"closed","ping_status":"closed","sticky":false,"template":"","format":"standard","meta":{"_joinchat":[],"footnotes":""},"categories":[60],"tags":[],"class_list":{"0":"post-67401","1":"post","2":"type-post","3":"status-publish","4":"format-standard","5":"has-post-thumbnail","7":"category-provinciales"},"_links":{"self":[{"href":"https:\/\/infovera.com.ar\/web\/wp-json\/wp\/v2\/posts\/67401","targetHints":{"allow":["GET"]}}],"collection":[{"href":"https:\/\/infovera.com.ar\/web\/wp-json\/wp\/v2\/posts"}],"about":[{"href":"https:\/\/infovera.com.ar\/web\/wp-json\/wp\/v2\/types\/post"}],"author":[{"embeddable":true,"href":"https:\/\/infovera.com.ar\/web\/wp-json\/wp\/v2\/users\/3"}],"replies":[{"embeddable":true,"href":"https:\/\/infovera.com.ar\/web\/wp-json\/wp\/v2\/comments?post=67401"}],"version-history":[{"count":0,"href":"https:\/\/infovera.com.ar\/web\/wp-json\/wp\/v2\/posts\/67401\/revisions"}],"wp:featuredmedia":[{"embeddable":true,"href":"https:\/\/infovera.com.ar\/web\/wp-json\/wp\/v2\/media\/67402"}],"wp:attachment":[{"href":"https:\/\/infovera.com.ar\/web\/wp-json\/wp\/v2\/media?parent=67401"}],"wp:term":[{"taxonomy":"category","embeddable":true,"href":"https:\/\/infovera.com.ar\/web\/wp-json\/wp\/v2\/categories?post=67401"},{"taxonomy":"post_tag","embeddable":true,"href":"https:\/\/infovera.com.ar\/web\/wp-json\/wp\/v2\/tags?post=67401"}],"curies":[{"name":"wp","href":"https:\/\/api.w.org\/{rel}","templated":true}]}}