{"id":67392,"date":"2025-10-28T13:11:49","date_gmt":"2025-10-28T16:11:49","guid":{"rendered":"https:\/\/infovera.com.ar\/web\/?p=67392"},"modified":"2025-10-30T10:08:44","modified_gmt":"2025-10-30T13:08:44","slug":"hernan-imhoff-fue-imputado-por-el-alevoso-doble-crimen-de-mora-y-blanco-ocurrido-en-reconquista","status":"publish","type":"post","link":"https:\/\/infovera.com.ar\/web\/2025\/10\/28\/hernan-imhoff-fue-imputado-por-el-alevoso-doble-crimen-de-mora-y-blanco-ocurrido-en-reconquista\/","title":{"rendered":"Hern\u00e1n Imhoff fue imputado por el alevoso doble crimen de Mora y Blanco ocurrido en Reconquista"},"content":{"rendered":"<p><strong>El metal\u00fargico de 49 a\u00f1os qued\u00f3 encartado por ejecutar a su expareja y dar muerte a un amigo que la hab\u00eda ido a buscar a su casa. Le dictaron prisi\u00f3n preventiva sin plazos.<\/strong><\/p>\n<p>Imp\u00e1vido y sin exteriorizar emociones, Hern\u00e1n Efra\u00edn Imhoff (49) escuch\u00f3 silente la imputaci\u00f3n de los cargos en su contra formulados por los fiscales Gisela D\u00edaz y Sebasti\u00e1n Galeano por el doble crimen de Carol Mora (21) y Mart\u00edn Blanco (35).<\/p>\n<p>Fue en una audiencia que tuvo lugar a las 8:30 del martes en los Tribunales de Reconquista, presidida por el juez penal Gonzalo Basualdo, en la cual los funcionarios del MPA le atribuyeron ser penalmente responsable de los homicidios perpetrados a tiros.<\/p>\n<p>En el caso de la joven de 21 a\u00f1os, fue acusado de haberla asesinado el domingo 19 de octubre pasado, entre las 15:20 y las 15:30, en el interior de su vivienda ubicada en calle Misiones al 2700, del barrio Center de Reconquista.<\/p>\n<p>Los representantes del MPA concluyeron en base a la investigaci\u00f3n que la mat\u00f3 -a quien hab\u00eda sido pareja- mediando violencia de g\u00e9nero, a trav\u00e9s de disparos de arma de fuego actuando &#8220;sobre seguro&#8221; frente al estado de indefensi\u00f3n de la v\u00edctima.<\/p>\n<p><strong>Arma de guerra<\/strong><\/p>\n<p>Para la Fiscal\u00eda, el imputado utiliz\u00f3 un revolver Smith &amp; Wesson calibre 38, que &#8220;apoy\u00f3 directamente sobre el cr\u00e1neo de la v\u00edctima previo al disparo y dentro del contexto de violencia de g\u00e9nero y de dominaci\u00f3n que ejerc\u00eda hacia ella&#8221;, a trav\u00e9s de amenazas y persecuci\u00f3n previa.<\/p>\n<p><strong>En esa l\u00ednea, le aplic\u00f3 los delitos de homicidio triplemente calificado por la relaci\u00f3n de pareja, alevos\u00eda y por haberse producido en un contexto de violencia de g\u00e9nero (femicidio), mediando amenazas y amedrentamiento, agravado por el uso de arma de fuego.<\/strong><\/p>\n<p>En cuanto al sujeto de apellido Blanco que hab\u00eda acudido a la vivienda de Imhoff debido a que Mora no le contestaba el tel\u00e9fono, los fiscales imputaron al sospechoso por homicidio simple agravado por el uso de arma de fuego.<\/p>\n<p>En ambos casos, las figuras penales fueron atribuidas en concurso real con portaci\u00f3n de arma de guerra que no estaba registrada a nombre del acusado.<\/p>\n<blockquote><p><span style=\"color: #ff0000;\"><strong><span style=\"font-size: 14px;\">Familiares de los fallecidos reclamaron justicia al hacer uso de la palabra en el debate, en tanto el presunto femicida y homicida dijo que m\u00e1s adelante contar\u00e1 su verdad.<\/span><\/strong><\/span><\/p><\/blockquote>\n<p><strong>En el living<\/strong><\/p>\n<p>Imhoff fue detenido en la siesta del lunes 20 de octubre cuando se retiraba de su morada, luego de que su madre avisara a la polic\u00eda que su hijo le hab\u00eda confesado los hechos de sangre.<\/p>\n<p>En el living, los investigadores hallaron el cuerpo sin vida de Blanco: presentaba un orificio de bala en la espalda, que al parecer ingres\u00f3 por el hombro pero no fue mortal; la deflagraci\u00f3n que le provoc\u00f3 la muerte entr\u00f3 por uno de los brazos, atraves\u00f3 el pulm\u00f3n y parte de la aur\u00edcula derecha del coraz\u00f3n, determin\u00f3 la autopsia.<\/p>\n<p>El cad\u00e1ver de Mora fue encontrado tirado en la zona rural de Avellaneda. De acuerdo a la pericia, la joven mujer fue ultimada de dos disparos, en el cr\u00e1neo y en el t\u00f3rax: ambos mortales. El primero de los proyectiles destruy\u00f3 la zona craneana, y el que dio en el t\u00f3rax afect\u00f3 el nivel de callado a\u00f3rtico. La causa de la muerte fue una hipovolemia, y un traumatismo del cr\u00e1neo con p\u00e9rdida de masa encef\u00e1lica.<\/p>\n<p><strong>Evidencia<\/strong><\/p>\n<p>En di\u00e1logo con medios de prensa, el fiscal Galeano hizo referencia profusidad de evidencia recolectada por parte de la PDI en la escena de los hechos. &#8220;Desde el primer momento en que se tom\u00f3 intervenci\u00f3n en la investigaci\u00f3n y a partir del allanamiento del domicilio del se\u00f1or Imhoff y de la detenci\u00f3n en el lugar y el gran trabajo de la Polic\u00eda de Investigaciones, del \u00e1rea Criminal\u00edstica, del \u00e1rea incluso de la secci\u00f3n de Microtr\u00e1fico, se han podido recabar numerosos elementos de evidencia que se han dado a conocer en esta audiencia, como ser c\u00e1maras de videovigilancia, celulares&#8221;.<\/p>\n<blockquote><p><strong><span style=\"font-size: 14px; color: #ff0000;\">El fiscal explic\u00f3 que \u201cla madre del imputado realiz\u00f3 una denuncia espont\u00e1nea en sede policial en la madrugada del lunes 20 de octubre\u201d. \u201cLa mujer sostuvo que su hijo habr\u00eda matado a dos personas, quienes se encontrar\u00edan en su domicilio\u201d detall\u00f3.\u00a0<\/span><\/strong><\/p><\/blockquote>\n<p>&#8220;Despu\u00e9s tenemos gran cantidad de elementos ya secuestrados que van a ser incorporados posteriormente. En el \u00faltimo ingreso (a la vivienda) hemos logrado secuestrar una nueva c\u00e1mara de videovigilancia, que ya no es la referente a la que hemos tenido audiencia el jueves pasado, donde solicit\u00e1bamos la apertura, que no era la de la puerta de salida y el port\u00f3n de acceso, sino que era una c\u00e1mara que estaba un patio anterior, al patio con piscina de la casa del detenido. Y en esa c\u00e1mara particular lo que se observ\u00f3 es que esta no ten\u00eda tarjeta de memoria&#8221;, agreg\u00f3.<\/p>\n<p><strong>Peligros latentes<\/strong><\/p>\n<p>En la audiencia de medida cautelar y pese a la oposici\u00f3n del abogado defensor Marcelo Venetucci que ofreci\u00f3 salidas alternativas como un guardador y un tobillera electr\u00f3nica, recay\u00f3 sobre el imputado la medida de prisi\u00f3n preventiva sin plazos a instancias del fiscal Galeano, que argument\u00f3 la peligrosidad latente de fuga y entorpecimiento probatorio, m\u00e1s la alta expectativa de pena que le cabr\u00eda por el doble homicidio.<\/p>\n<p>&#8220;He esgrimido una serie de conductas post delictuales que ha tenido el detenido respecto de entorpecimiento probatorio cierto y claro. Y bueno, su se\u00f1or\u00eda ha recogido esa versi\u00f3n y ha fallado conforme lo solicit\u00f3 esta Fiscal\u00eda&#8221;, valor\u00f3.<\/p>\n<p><strong>&#8211; Con respecto a las personas que en un primer momento estuvieron demoradas y ahora surgen como testigos, \u00bfQu\u00e9 puede decirnos o qu\u00e9 puede contarnos sobre cu\u00e1l es su situaci\u00f3n al momento ya de la imputaci\u00f3n de Imhoff?<\/strong><\/p>\n<p>Esas personas que usted refiere son testigos del hecho y no han sido aprehendidas, sino que t\u00e9cnicamente se las ha trasladado por personal de PDI, pero no bajo una aprehensi\u00f3n fiscal, a que brinden declaraci\u00f3n testimonial respecto del hecho. Han brindado declaraci\u00f3n testimonial y por orden de los dos fiscales que intervenimos en la investigaci\u00f3n secuestraron sus tel\u00e9fonos celulares y est\u00e1n sujetos a la apertura de los mismos, que tengo entendido que se estaba realizando en el d\u00eda de la fecha mientras nosotros est\u00e1bamos en audiencia. Respecto a eso, el temperamento a seguir depender\u00e1 del recurso de la investigaci\u00f3n y de la informaci\u00f3n que obtengamos de sus tel\u00e9fonos celulares.<\/p>\n<p><strong>&#8211; \u00bfEstos testigos habr\u00edan estado el d\u00eda previo al hecho, digamos, con el acusado?<\/strong><\/p>\n<p>Nosotros estamos recabando informaci\u00f3n y estamos reconstruyendo toda la secuencia. Hemos podido reconstruir, mediante un arduo trabajo, la secuencia del d\u00eda domingo, digamos, temporal para poder traer la audiencia claramente, pero estamos investigando y estamos tratando de dilucidar, digamos, la din\u00e1mica del hecho y la presencia de estas personas y eso est\u00e1 sujeto a investigaci\u00f3n.<\/p>\n","protected":false},"excerpt":{"rendered":"<p>El metal\u00fargico de 49 a\u00f1os qued\u00f3 encartado por ejecutar a su expareja y dar muerte a un amigo que la hab\u00eda ido a buscar a su casa. Le dictaron prisi\u00f3n preventiva sin plazos. Imp\u00e1vido y sin exteriorizar emociones, Hern\u00e1n Efra\u00edn Imhoff (49) escuch\u00f3 silente la imputaci\u00f3n de los cargos en su contra formulados por los [&hellip;]<\/p>\n","protected":false},"author":3,"featured_media":67393,"comment_status":"closed","ping_status":"closed","sticky":false,"template":"","format":"standard","meta":{"_joinchat":[],"footnotes":""},"categories":[30,61],"tags":[],"class_list":{"0":"post-67392","1":"post","2":"type-post","3":"status-publish","4":"format-standard","5":"has-post-thumbnail","7":"category-policiales","8":"category-regionales"},"_links":{"self":[{"href":"https:\/\/infovera.com.ar\/web\/wp-json\/wp\/v2\/posts\/67392","targetHints":{"allow":["GET"]}}],"collection":[{"href":"https:\/\/infovera.com.ar\/web\/wp-json\/wp\/v2\/posts"}],"about":[{"href":"https:\/\/infovera.com.ar\/web\/wp-json\/wp\/v2\/types\/post"}],"author":[{"embeddable":true,"href":"https:\/\/infovera.com.ar\/web\/wp-json\/wp\/v2\/users\/3"}],"replies":[{"embeddable":true,"href":"https:\/\/infovera.com.ar\/web\/wp-json\/wp\/v2\/comments?post=67392"}],"version-history":[{"count":0,"href":"https:\/\/infovera.com.ar\/web\/wp-json\/wp\/v2\/posts\/67392\/revisions"}],"wp:featuredmedia":[{"embeddable":true,"href":"https:\/\/infovera.com.ar\/web\/wp-json\/wp\/v2\/media\/67393"}],"wp:attachment":[{"href":"https:\/\/infovera.com.ar\/web\/wp-json\/wp\/v2\/media?parent=67392"}],"wp:term":[{"taxonomy":"category","embeddable":true,"href":"https:\/\/infovera.com.ar\/web\/wp-json\/wp\/v2\/categories?post=67392"},{"taxonomy":"post_tag","embeddable":true,"href":"https:\/\/infovera.com.ar\/web\/wp-json\/wp\/v2\/tags?post=67392"}],"curies":[{"name":"wp","href":"https:\/\/api.w.org\/{rel}","templated":true}]}}