{"id":67381,"date":"2025-10-29T10:42:03","date_gmt":"2025-10-29T13:42:03","guid":{"rendered":"https:\/\/infovera.com.ar\/web\/?p=67381"},"modified":"2025-10-30T10:07:50","modified_gmt":"2025-10-30T13:07:50","slug":"departamento-vera-caren-tepp-se-impuso-en-la-mayoria-de-los-distritos-seguida-por-pellegrini-y-scaglia","status":"publish","type":"post","link":"https:\/\/infovera.com.ar\/web\/2025\/10\/29\/departamento-vera-caren-tepp-se-impuso-en-la-mayoria-de-los-distritos-seguida-por-pellegrini-y-scaglia\/","title":{"rendered":"Departamento Vera: Caren Tepp se impuso en la mayor\u00eda de los distritos, seguida por Pellegrini y Scaglia"},"content":{"rendered":"<p><strong>Los resultados oficiales de las elecciones generales del 26 de octubre en el Departamento Vera muestran un escenario de tres fuerzas con presencia en casi todos los distritos: Caren Tepp (Fuerza Patria), Agust\u00edn Pellegrini (La Libertad Avanza) y Gisela Scaglia (Provincias Unidas).<\/strong><\/p>\n<p>Seg\u00fan los datos del escrutinio provisorio, Tepp obtuvo una clara ventaja general con 9.154 votos, seguida por Pellegrini con 6.968 votos, mientras que Scaglia alcanz\u00f3 4.248 votos. Entre las tres fuerzas concentraron m\u00e1s del 90% de los sufragios emitidos en el departamento.<\/p>\n<p><strong>Predominio en las localidades m\u00e1s pobladas<\/strong><\/p>\n<p><strong>La candidata de Fuerza Patria obtuvo una buena resultado especialmente en Vera ciudad, donde cosech\u00f3 3.065 votos y sali\u00f3 segunda detr\u00e1s de la LLA, y en Calchaqu\u00ed, con 2.311, ciudad esta donde gan\u00f3 la elecci\u00f3n<\/strong>\u00a0marcando una diferencia considerable sobre sus competidores.<\/p>\n<p><strong>Tambi\u00e9n se impuso en Golondrina, Garabato y<\/strong> <strong>Toba,<\/strong> y logr\u00f3 importantes desempe\u00f1os en localidades como Los Amores, Intiyaco y Margarita, lo que le permiti\u00f3 sostener una estructura territorial homog\u00e9nea en todo el norte del departamento.<\/p>\n<p>Tepp bas\u00f3 su campa\u00f1a en ejes de desarrollo regional y soberan\u00eda productiva, temas que, seg\u00fan analistas locales, encontraron eco en las comunidades rurales y en los votantes j\u00f3venes.<\/p>\n<p><strong>Agust\u00edn Pellegrini: segundo lugar con fuerte apoyo urbano<\/strong><\/p>\n<p>El libertario Agust\u00edn Pellegrini se consolid\u00f3 como segunda fuerza con 6.968 votos, mostrando un crecimiento sostenido respecto de los comicios previos.<strong> Su mejor desempe\u00f1o fue tambi\u00e9n en Vera ciudad, donde obtuvo 3.442 sufragios y qued\u00f3 primero,<\/strong> seguido por Calchaqu\u00ed (1.915), y presencia relevante en Los Amores, Tartagal y Margarita.<\/p>\n<p>El discurso de Pellegrini, centrado en la reducci\u00f3n del gasto pol\u00edtico, la desregulaci\u00f3n econ\u00f3mica y la seguridad, tuvo buena recepci\u00f3n en los sectores medios urbanos y en parte del electorado joven desencantado con las estructuras tradicionales.<\/p>\n<p><strong>Gisela Scaglia: tercera, con peso en zonas rurales y sectores pro<\/strong>ductivos<\/p>\n<p>Por su parte, Gisela Scaglia (Provincias Unidas) obtuvo 4.248 votos en total, ubic\u00e1ndose en el tercer lugar del podio. Su mayor caudal se registr\u00f3 en Vera (1.512 votos) y en distritos rurales como La Gallareta, Fort\u00edn Olmos y Margarita; se impuso en Ca\u00f1ada Omb\u00fa y Los T\u00e1banos. En estos lugares, su discurso vinculado a la producci\u00f3n agropecuaria, la educaci\u00f3n y la gesti\u00f3n eficiente encontr\u00f3 un electorado fiel.<\/p>\n","protected":false},"excerpt":{"rendered":"<p>Los resultados oficiales de las elecciones generales del 26 de octubre en el Departamento Vera muestran un escenario de tres fuerzas con presencia en casi todos los distritos: Caren Tepp (Fuerza Patria), Agust\u00edn Pellegrini (La Libertad Avanza) y Gisela Scaglia (Provincias Unidas). Seg\u00fan los datos del escrutinio provisorio, Tepp obtuvo una clara ventaja general con [&hellip;]<\/p>\n","protected":false},"author":3,"featured_media":67407,"comment_status":"closed","ping_status":"closed","sticky":false,"template":"","format":"standard","meta":{"_joinchat":[],"footnotes":""},"categories":[53],"tags":[],"class_list":{"0":"post-67381","1":"post","2":"type-post","3":"status-publish","4":"format-standard","5":"has-post-thumbnail","7":"category-vera"},"_links":{"self":[{"href":"https:\/\/infovera.com.ar\/web\/wp-json\/wp\/v2\/posts\/67381","targetHints":{"allow":["GET"]}}],"collection":[{"href":"https:\/\/infovera.com.ar\/web\/wp-json\/wp\/v2\/posts"}],"about":[{"href":"https:\/\/infovera.com.ar\/web\/wp-json\/wp\/v2\/types\/post"}],"author":[{"embeddable":true,"href":"https:\/\/infovera.com.ar\/web\/wp-json\/wp\/v2\/users\/3"}],"replies":[{"embeddable":true,"href":"https:\/\/infovera.com.ar\/web\/wp-json\/wp\/v2\/comments?post=67381"}],"version-history":[{"count":0,"href":"https:\/\/infovera.com.ar\/web\/wp-json\/wp\/v2\/posts\/67381\/revisions"}],"wp:featuredmedia":[{"embeddable":true,"href":"https:\/\/infovera.com.ar\/web\/wp-json\/wp\/v2\/media\/67407"}],"wp:attachment":[{"href":"https:\/\/infovera.com.ar\/web\/wp-json\/wp\/v2\/media?parent=67381"}],"wp:term":[{"taxonomy":"category","embeddable":true,"href":"https:\/\/infovera.com.ar\/web\/wp-json\/wp\/v2\/categories?post=67381"},{"taxonomy":"post_tag","embeddable":true,"href":"https:\/\/infovera.com.ar\/web\/wp-json\/wp\/v2\/tags?post=67381"}],"curies":[{"name":"wp","href":"https:\/\/api.w.org\/{rel}","templated":true}]}}