{"id":67375,"date":"2025-10-27T13:58:08","date_gmt":"2025-10-27T16:58:08","guid":{"rendered":"https:\/\/infovera.com.ar\/web\/?p=67375"},"modified":"2025-10-27T13:58:08","modified_gmt":"2025-10-27T16:58:08","slug":"vera-recuperaron-elementos-robados-y-demoraron-a-un-menor","status":"publish","type":"post","link":"https:\/\/infovera.com.ar\/web\/2025\/10\/27\/vera-recuperaron-elementos-robados-y-demoraron-a-un-menor\/","title":{"rendered":"Vera: recuperaron elementos robados y demoraron a un menor"},"content":{"rendered":"<p><strong>En horas de la tarde del domingo 26 de octubre, personal de la Secci\u00f3n Motorizada y del Comando Radioel\u00e9ctrico intervino en un hecho de hurto ocurrido en un domicilio de calle A. M\u00e9ndez.<\/strong><\/p>\n<p>Una mujer denunci\u00f3 que le hab\u00edan sustra\u00eddo elementos personales desde su vivienda. Tras realizar tareas investigativas, los agentes establecieron la presunta participaci\u00f3n de un menor de edad, quien habr\u00eda sido el autor del hecho.<\/p>\n<p>Posteriormente, el personal policial procedi\u00f3 al secuestro y restituci\u00f3n de los objetos robados a su propietaria.<\/p>\n<p>El menor fue trasladado a sede policial para cumplimentar las diligencias de rigor, con intervenci\u00f3n de la Fiscal\u00eda en turno.<\/p>\n","protected":false},"excerpt":{"rendered":"<p>En horas de la tarde del domingo 26 de octubre, personal de la Secci\u00f3n Motorizada y del Comando Radioel\u00e9ctrico intervino en un hecho de hurto ocurrido en un domicilio de calle A. M\u00e9ndez. Una mujer denunci\u00f3 que le hab\u00edan sustra\u00eddo elementos personales desde su vivienda. Tras realizar tareas investigativas, los agentes establecieron la presunta participaci\u00f3n [&hellip;]<\/p>\n","protected":false},"author":3,"featured_media":67376,"comment_status":"closed","ping_status":"closed","sticky":false,"template":"","format":"standard","meta":{"_joinchat":[],"footnotes":""},"categories":[30,53],"tags":[],"class_list":{"0":"post-67375","1":"post","2":"type-post","3":"status-publish","4":"format-standard","5":"has-post-thumbnail","7":"category-policiales","8":"category-vera"},"_links":{"self":[{"href":"https:\/\/infovera.com.ar\/web\/wp-json\/wp\/v2\/posts\/67375","targetHints":{"allow":["GET"]}}],"collection":[{"href":"https:\/\/infovera.com.ar\/web\/wp-json\/wp\/v2\/posts"}],"about":[{"href":"https:\/\/infovera.com.ar\/web\/wp-json\/wp\/v2\/types\/post"}],"author":[{"embeddable":true,"href":"https:\/\/infovera.com.ar\/web\/wp-json\/wp\/v2\/users\/3"}],"replies":[{"embeddable":true,"href":"https:\/\/infovera.com.ar\/web\/wp-json\/wp\/v2\/comments?post=67375"}],"version-history":[{"count":0,"href":"https:\/\/infovera.com.ar\/web\/wp-json\/wp\/v2\/posts\/67375\/revisions"}],"wp:featuredmedia":[{"embeddable":true,"href":"https:\/\/infovera.com.ar\/web\/wp-json\/wp\/v2\/media\/67376"}],"wp:attachment":[{"href":"https:\/\/infovera.com.ar\/web\/wp-json\/wp\/v2\/media?parent=67375"}],"wp:term":[{"taxonomy":"category","embeddable":true,"href":"https:\/\/infovera.com.ar\/web\/wp-json\/wp\/v2\/categories?post=67375"},{"taxonomy":"post_tag","embeddable":true,"href":"https:\/\/infovera.com.ar\/web\/wp-json\/wp\/v2\/tags?post=67375"}],"curies":[{"name":"wp","href":"https:\/\/api.w.org\/{rel}","templated":true}]}}