{"id":67372,"date":"2025-10-27T13:55:12","date_gmt":"2025-10-27T16:55:12","guid":{"rendered":"https:\/\/infovera.com.ar\/web\/?p=67372"},"modified":"2025-10-27T13:59:18","modified_gmt":"2025-10-27T16:59:18","slug":"felipe-michlig-felicito-a-la-lla-por-el-triunfo-y-destaco-el-nuevo-rol-de-pu","status":"publish","type":"post","link":"https:\/\/infovera.com.ar\/web\/2025\/10\/27\/felipe-michlig-felicito-a-la-lla-por-el-triunfo-y-destaco-el-nuevo-rol-de-pu\/","title":{"rendered":"Felipe Michlig felicit\u00f3 a LLA por el triunfo y destac\u00f3 el nuevo rol de PU"},"content":{"rendered":"<p><strong>El senador por San Crist\u00f3bal resalt\u00f3 el gran trabajo realizado por Gisela Scaglia, la dirigencia y militancia para que Provincias Unidas debute como tercera fuerza federal con representaci\u00f3n en el Congreso Nacional.<\/strong><\/p>\n<p>Una vez conocidos los\u00a0datos oficiales del acto electoral de este domingo 26 de octubre, el Senador por el Departamento San Crist\u00f3bal y Pte. de la UCR de la Provincia de Santa Fe,\u00a0Felipe Michlig,\u00a0felicit\u00f3 -en principio- \u201ca todos los electores\u00a0que, en el cumplimiento del\u00a0deber c\u00edvico y ejercicio del derecho constitucional al voto popular,\u00a0se expresaron en las urnas\u00a0en cada uno de los distritos electorales (63,39%), igualmente para\u00a0todos los que trabajaron para el \u00e9xito del acto electoral nacional\u201d.<\/p>\n<p>En tal sentido extendi\u00f3 su reconocimiento al espacio que se impuso en la elecci\u00f3n de la Provincia de Santa Fe para diputados nacionales (La Libertad Avanza \u2013 LLA), al igual que en el departamento que representa (San Crist\u00f3bal). El mismo reconocimiento \u201ca todas las fuerzas que participaron de una jornada democr\u00e1tica ejemplar con un sistema de boleta \u00fanica del que fuimos pioneros en la provincia de Santa Fe\u201d, destac\u00f3.<\/p>\n<p><strong>\u201cProvincias Unidas dio su primer paso\u201d<\/strong><\/p>\n<p>A su vez\u00a0Michlig expres\u00f3 \u201cque nos sentimos conformes\u00a0con el surgimiento de\u00a0Provincias Unidas -que es una fuerza nacional que se conform\u00f3 hace pocos meses-,\u00a0porque estamos dando\u00a0un primer paso importante, constituy\u00e9ndose en la\u00a0tercera fuerza\u00a0en diputados,\u00a0con el ingreso de dos representantes de nuestra provincia (Gisela Scaglia y Pablo Farias) para conformar un bloque s\u00f3lido\u00a0con gente de una gran trayectoria y probidad, para defender el federalismo y el interior productivo,\u00a0(que no tenemos dudas seguir\u00e1 creciendo a futuro)\u00a0para aportar a la grandeza de toda la Naci\u00f3n Argentina\u201d.<\/p>\n<p>El Pte. de la UCR provincial felicit\u00f3\u00a0especialmente \u201ca todos los integrantes de la lista de Provincias Unidas, encabezada por\u00a0Gisela Scaglia\u201d\u00a0y mostr\u00f3 su optimismo se\u00f1alando que este espacio \u201cque inicialmente\u00a0lideran 6 gobernadores vino para quedarse\u201d.<\/p>\n<p><strong>De los 32 distritos del departamento San Crist\u00f3bal:<\/strong><\/p>\n<p>-En\u00a08 distritos\u00a0se impuso la La Libertad Avanza;<br \/>\n-En 21 distritos Provincias Unidas;<br \/>\n-En\u00a02 distritos\u00a0Fuerza Patria.<br \/>\n-(En Soledad hubo empate entre LLA y FP).<\/p>\n<p><strong>El resultado final con un 99,47 % de los votos escrutados, fue el siguiente: participaci\u00f3n 57,95% del padr\u00f3n.<\/strong><\/p>\n<p><strong>-1\u00b0 La Libertad Avanza 11.316 (34,72%).<\/strong><br \/>\n<strong>-2\u00b0 Provincias Unidas 10.220 (31,35%).<\/strong><br \/>\n<strong>-3\u00b0 Fuerza Patria 8.308 (25,49%).<\/strong><\/p>\n<p>El representante departamental reconoci\u00f3 &#8220;el trabajo comprometido de la militancia de PU que logr\u00f3 un digno segundo lugar\u00bb y felicit\u00f3 a \u00abla fuerza triunfante en el departamento y en la provincia (LLA)&#8221;.<\/p>\n<p>&nbsp;<\/p>\n","protected":false},"excerpt":{"rendered":"<p>El senador por San Crist\u00f3bal resalt\u00f3 el gran trabajo realizado por Gisela Scaglia, la dirigencia y militancia para que Provincias Unidas debute como tercera fuerza federal con representaci\u00f3n en el Congreso Nacional. Una vez conocidos los\u00a0datos oficiales del acto electoral de este domingo 26 de octubre, el Senador por el Departamento San Crist\u00f3bal y Pte. [&hellip;]<\/p>\n","protected":false},"author":3,"featured_media":67373,"comment_status":"closed","ping_status":"closed","sticky":false,"template":"","format":"standard","meta":{"_joinchat":[],"footnotes":""},"categories":[60],"tags":[],"class_list":{"0":"post-67372","1":"post","2":"type-post","3":"status-publish","4":"format-standard","5":"has-post-thumbnail","7":"category-provinciales"},"_links":{"self":[{"href":"https:\/\/infovera.com.ar\/web\/wp-json\/wp\/v2\/posts\/67372","targetHints":{"allow":["GET"]}}],"collection":[{"href":"https:\/\/infovera.com.ar\/web\/wp-json\/wp\/v2\/posts"}],"about":[{"href":"https:\/\/infovera.com.ar\/web\/wp-json\/wp\/v2\/types\/post"}],"author":[{"embeddable":true,"href":"https:\/\/infovera.com.ar\/web\/wp-json\/wp\/v2\/users\/3"}],"replies":[{"embeddable":true,"href":"https:\/\/infovera.com.ar\/web\/wp-json\/wp\/v2\/comments?post=67372"}],"version-history":[{"count":0,"href":"https:\/\/infovera.com.ar\/web\/wp-json\/wp\/v2\/posts\/67372\/revisions"}],"wp:featuredmedia":[{"embeddable":true,"href":"https:\/\/infovera.com.ar\/web\/wp-json\/wp\/v2\/media\/67373"}],"wp:attachment":[{"href":"https:\/\/infovera.com.ar\/web\/wp-json\/wp\/v2\/media?parent=67372"}],"wp:term":[{"taxonomy":"category","embeddable":true,"href":"https:\/\/infovera.com.ar\/web\/wp-json\/wp\/v2\/categories?post=67372"},{"taxonomy":"post_tag","embeddable":true,"href":"https:\/\/infovera.com.ar\/web\/wp-json\/wp\/v2\/tags?post=67372"}],"curies":[{"name":"wp","href":"https:\/\/api.w.org\/{rel}","templated":true}]}}