{"id":67361,"date":"2025-10-27T13:43:49","date_gmt":"2025-10-27T16:43:49","guid":{"rendered":"https:\/\/infovera.com.ar\/web\/?p=67361"},"modified":"2025-10-29T14:21:09","modified_gmt":"2025-10-29T17:21:09","slug":"culmino-en-alavera-el-torneo-de-padel-mas-grande-de-la-provincia","status":"publish","type":"post","link":"https:\/\/infovera.com.ar\/web\/2025\/10\/27\/culmino-en-alavera-el-torneo-de-padel-mas-grande-de-la-provincia\/","title":{"rendered":"Culmin\u00f3 en ALAVERA el torneo de p\u00e1del m\u00e1s grande de la provincia"},"content":{"rendered":"<p><strong>Enhorabuena! Culmin\u00f3 el TORNEO M\u00c1S GRANDE DE TODA LA REGI\u00d3N EN ALAVERA P\u00c1DEL CLUB con casi 100 parejas inscriptas.<\/strong><\/p>\n<p>Fue una semana en que el complejo ALAVERA recibi\u00f3 a 93 parejas, 186 jugadores, en un espect\u00e1culo padel\u00edstico superlativo.<\/p>\n<p>&#8220;Queremos dar las gracias a todos los jugadores que han participado, a todos los sponsors que apoyan este deporte, \u00a1al p\u00fablico que se acerc\u00f3 durante la semana a presenciar todos los partidos! Los esperamos en el pr\u00f3ximo torneo, pronto subiremos novedades&#8221;, agradecieron los organizadores.<\/p>\n<p><strong>Premios: $460.000 por categor\u00eda<\/strong><br \/>\n$110.000 para cada campe\u00f3n + trofeo<br \/>\n$90.000 para cada subcampe\u00f3n + trofeos<br \/>\n$60.000 para el tercer puesto + trofeos<\/p>\n<p>Tambi\u00e9n se sortearon 5 inscripciones para el torneo de diciembre y se entregaron $ 2.000.000 en efectivo.<\/p>\n<p><strong>Categor\u00eda +9<\/strong><br \/>\n\ud83e\udd47Supi Gim\u00e9nez\/ Gino Faccioli<br \/>\n\ud83e\udd48Fede Chiani\/lucas G\u00f3mez<br \/>\n\ud83e\udd49Leo Muga \/ Gaspar Baigorria<\/p>\n<p><strong>Categor\u00eda 6ta<\/strong><br \/>\n\ud83e\udd47Ludmila Giordano\/Walter franco<br \/>\n\ud83e\udd48Chacho Moyano\/Franco Godoy<br \/>\n\ud83e\udd49Agust\u00edn Altahus\/Gonza Pighin<\/p>\n<p><strong>Categor\u00eda 7ma<\/strong><br \/>\n\ud83e\udd47Germ\u00e1n Sager\/Lautaro Borca<br \/>\n\ud83e\udd48Pablo Claro \/ Valentino Zalazar<br \/>\n\ud83e\udd49Chanchi S\u00e1nchez\/ Gabi Saucedo<\/p>\n<p><strong>Categor\u00eda 8va<\/strong><br \/>\n\ud83e\udd47Seba Pighin\/Santi Berli<br \/>\n\ud83e\udd48Lautaro Romagnioli\/Gonzalo Fumagalli<br \/>\n\ud83e\udd49Valentino Zalazar\/ Iv\u00e1n Ram\u00faa<\/p>\n<p><strong>Ganadores de inscripciones<\/strong><br \/>\n1\u2022 Victoria Senn<br \/>\n2\u2022 Jos\u00e9 Molina<br \/>\n3\u2022 Rom\u00e1n Quintana<br \/>\n4\u2022 Walter Franco<br \/>\n5\u2022 Fernando Barbona<\/p>\n<p><strong>Ganadores de orden compra BKR<\/strong><br \/>\n1\u2022 Chacho Moyano<br \/>\n2\u2022 Juan Mart\u00edn Stirniman<\/p>\n<p><strong>&#8220;Gracias a todos por formar parte de ALAVERA P\u00c1DEL&#8221;.\u00a0<\/strong><\/p>\n<p><a href=\"https:\/\/infovera.com.ar\/web\/wp-content\/uploads\/2025\/10\/ALA-2.png\"><img loading=\"lazy\" decoding=\"async\" class=\"alignleft size-full wp-image-67364\" src=\"https:\/\/infovera.com.ar\/web\/wp-content\/uploads\/2025\/10\/ALA-2.png\" alt=\"\" width=\"1785\" height=\"1307\" srcset=\"https:\/\/infovera.com.ar\/web\/wp-content\/uploads\/2025\/10\/ALA-2.png 1785w, https:\/\/infovera.com.ar\/web\/wp-content\/uploads\/2025\/10\/ALA-2-574x420.png 574w, https:\/\/infovera.com.ar\/web\/wp-content\/uploads\/2025\/10\/ALA-2-80x60.png 80w, https:\/\/infovera.com.ar\/web\/wp-content\/uploads\/2025\/10\/ALA-2-696x510.png 696w, https:\/\/infovera.com.ar\/web\/wp-content\/uploads\/2025\/10\/ALA-2-1068x782.png 1068w\" sizes=\"auto, (max-width: 1785px) 100vw, 1785px\" \/><\/a><a href=\"https:\/\/infovera.com.ar\/web\/wp-content\/uploads\/2025\/10\/ALA-3.png\"><img loading=\"lazy\" decoding=\"async\" class=\"alignleft size-full wp-image-67365\" src=\"https:\/\/infovera.com.ar\/web\/wp-content\/uploads\/2025\/10\/ALA-3.png\" alt=\"\" width=\"1785\" height=\"1600\" srcset=\"https:\/\/infovera.com.ar\/web\/wp-content\/uploads\/2025\/10\/ALA-3.png 1785w, https:\/\/infovera.com.ar\/web\/wp-content\/uploads\/2025\/10\/ALA-3-469x420.png 469w, https:\/\/infovera.com.ar\/web\/wp-content\/uploads\/2025\/10\/ALA-3-696x624.png 696w, https:\/\/infovera.com.ar\/web\/wp-content\/uploads\/2025\/10\/ALA-3-1068x957.png 1068w\" sizes=\"auto, (max-width: 1785px) 100vw, 1785px\" \/><\/a><a href=\"https:\/\/infovera.com.ar\/web\/wp-content\/uploads\/2025\/10\/ALA-1.png\"><img loading=\"lazy\" decoding=\"async\" class=\"alignleft size-full wp-image-67363\" src=\"https:\/\/infovera.com.ar\/web\/wp-content\/uploads\/2025\/10\/ALA-1.png\" alt=\"\" width=\"894\" height=\"619\" srcset=\"https:\/\/infovera.com.ar\/web\/wp-content\/uploads\/2025\/10\/ALA-1.png 894w, https:\/\/infovera.com.ar\/web\/wp-content\/uploads\/2025\/10\/ALA-1-607x420.png 607w, https:\/\/infovera.com.ar\/web\/wp-content\/uploads\/2025\/10\/ALA-1-218x150.png 218w, https:\/\/infovera.com.ar\/web\/wp-content\/uploads\/2025\/10\/ALA-1-696x482.png 696w, https:\/\/infovera.com.ar\/web\/wp-content\/uploads\/2025\/10\/ALA-1-100x70.png 100w\" sizes=\"auto, (max-width: 894px) 100vw, 894px\" \/><\/a><a href=\"https:\/\/infovera.com.ar\/web\/wp-content\/uploads\/2025\/10\/ALA-4.png\"><img loading=\"lazy\" decoding=\"async\" class=\"alignleft size-full wp-image-67366\" src=\"https:\/\/infovera.com.ar\/web\/wp-content\/uploads\/2025\/10\/ALA-4.png\" alt=\"\" width=\"1197\" height=\"767\" srcset=\"https:\/\/infovera.com.ar\/web\/wp-content\/uploads\/2025\/10\/ALA-4.png 1197w, https:\/\/infovera.com.ar\/web\/wp-content\/uploads\/2025\/10\/ALA-4-655x420.png 655w, https:\/\/infovera.com.ar\/web\/wp-content\/uploads\/2025\/10\/ALA-4-696x446.png 696w, https:\/\/infovera.com.ar\/web\/wp-content\/uploads\/2025\/10\/ALA-4-1068x684.png 1068w\" sizes=\"auto, (max-width: 1197px) 100vw, 1197px\" \/><\/a><a href=\"https:\/\/infovera.com.ar\/web\/wp-content\/uploads\/2025\/10\/ALA-6.png\"><img loading=\"lazy\" decoding=\"async\" class=\"alignleft size-full wp-image-67368\" src=\"https:\/\/infovera.com.ar\/web\/wp-content\/uploads\/2025\/10\/ALA-6.png\" alt=\"\" width=\"1793\" height=\"1474\" srcset=\"https:\/\/infovera.com.ar\/web\/wp-content\/uploads\/2025\/10\/ALA-6.png 1793w, https:\/\/infovera.com.ar\/web\/wp-content\/uploads\/2025\/10\/ALA-6-511x420.png 511w, https:\/\/infovera.com.ar\/web\/wp-content\/uploads\/2025\/10\/ALA-6-696x572.png 696w, https:\/\/infovera.com.ar\/web\/wp-content\/uploads\/2025\/10\/ALA-6-1068x878.png 1068w\" sizes=\"auto, (max-width: 1793px) 100vw, 1793px\" \/><\/a><\/p>\n<p>&nbsp;<\/p>\n","protected":false},"excerpt":{"rendered":"<p>Enhorabuena! Culmin\u00f3 el TORNEO M\u00c1S GRANDE DE TODA LA REGI\u00d3N EN ALAVERA P\u00c1DEL CLUB con casi 100 parejas inscriptas. Fue una semana en que el complejo ALAVERA recibi\u00f3 a 93 parejas, 186 jugadores, en un espect\u00e1culo padel\u00edstico superlativo. &#8220;Queremos dar las gracias a todos los jugadores que han participado, a todos los sponsors que apoyan [&hellip;]<\/p>\n","protected":false},"author":3,"featured_media":67362,"comment_status":"closed","ping_status":"closed","sticky":false,"template":"","format":"standard","meta":{"_joinchat":[],"footnotes":""},"categories":[31,53],"tags":[],"class_list":{"0":"post-67361","1":"post","2":"type-post","3":"status-publish","4":"format-standard","5":"has-post-thumbnail","7":"category-deportes","8":"category-vera"},"_links":{"self":[{"href":"https:\/\/infovera.com.ar\/web\/wp-json\/wp\/v2\/posts\/67361","targetHints":{"allow":["GET"]}}],"collection":[{"href":"https:\/\/infovera.com.ar\/web\/wp-json\/wp\/v2\/posts"}],"about":[{"href":"https:\/\/infovera.com.ar\/web\/wp-json\/wp\/v2\/types\/post"}],"author":[{"embeddable":true,"href":"https:\/\/infovera.com.ar\/web\/wp-json\/wp\/v2\/users\/3"}],"replies":[{"embeddable":true,"href":"https:\/\/infovera.com.ar\/web\/wp-json\/wp\/v2\/comments?post=67361"}],"version-history":[{"count":0,"href":"https:\/\/infovera.com.ar\/web\/wp-json\/wp\/v2\/posts\/67361\/revisions"}],"wp:featuredmedia":[{"embeddable":true,"href":"https:\/\/infovera.com.ar\/web\/wp-json\/wp\/v2\/media\/67362"}],"wp:attachment":[{"href":"https:\/\/infovera.com.ar\/web\/wp-json\/wp\/v2\/media?parent=67361"}],"wp:term":[{"taxonomy":"category","embeddable":true,"href":"https:\/\/infovera.com.ar\/web\/wp-json\/wp\/v2\/categories?post=67361"},{"taxonomy":"post_tag","embeddable":true,"href":"https:\/\/infovera.com.ar\/web\/wp-json\/wp\/v2\/tags?post=67361"}],"curies":[{"name":"wp","href":"https:\/\/api.w.org\/{rel}","templated":true}]}}