{"id":67357,"date":"2025-10-27T13:17:10","date_gmt":"2025-10-27T16:17:10","guid":{"rendered":"https:\/\/infovera.com.ar\/web\/?p=67357"},"modified":"2025-10-27T13:18:13","modified_gmt":"2025-10-27T16:18:13","slug":"la-corte-acordo-que-las-demandas-judiciales-no-podran-superar-las-40-paginas","status":"publish","type":"post","link":"https:\/\/infovera.com.ar\/web\/2025\/10\/27\/la-corte-acordo-que-las-demandas-judiciales-no-podran-superar-las-40-paginas\/","title":{"rendered":"La Corte acord\u00f3 que las demandas judiciales no podr\u00e1n superar las 40 p\u00e1ginas"},"content":{"rendered":"<p><strong>La Corte Suprema de Santa Fe refuerza su pol\u00edtica de digitalizaci\u00f3n y despapelizaci\u00f3n final, limitando la extensi\u00f3n de los escritos de demanda y su contestaci\u00f3n a 40 p\u00e1ginas de 26 renglones y tama\u00f1o de letra igual o mayor a 12. La medida regir\u00e1 desde el 1\u00b0 de <\/strong><strong>noviembre. <\/strong><\/p>\n<p>En el marco de una pol\u00edtica sostenida de modernizaci\u00f3n y gobernanza estrat\u00e9gica de datos, la Corte Suprema de Justicia de Santa Fe resolvi\u00f3 establecer nuevas reglas para la interposici\u00f3n de demandas y contestaciones ante los \u00f3rganos jurisdiccionales de primera instancia.<\/p>\n<p>A partir del 1 de noviembre de 2025, todas las demandas que se inicien ante \u00f3rganos jurisdiccionales de primera instancia, como as\u00ed tambi\u00e9n las contestaciones a las mismas, deber\u00e1n ajustarse a una extensi\u00f3n m\u00e1xima de cuarenta p\u00e1ginas, con veintis\u00e9is renglones y letra claramente legible (no menor a tama\u00f1o de 12 puntos).<\/p>\n<p>La decisi\u00f3n fue adoptada mediante Acta Acuerdo N\u00b0 39, Punto 10, y se inscribe en una l\u00ednea de trabajo que la Corte viene desarrollando desde a\u00f1os atr\u00e1s, con hitos como el \u201cInicio Electr\u00f3nico de Demandas\u201d y la \u201cPresentaci\u00f3n Electr\u00f3nica de Escritos\u201d, ambos ampliamente aceptados por la judicatura y el foro de abogados.<\/p>\n<p>En esta oportunidad, se refuerza el criterio de evitar la mera transposici\u00f3n del formato papel al digital, promoviendo en cambio una l\u00f3gica de gesti\u00f3n que optimice tiempos procesales y eleve los \u00edndices de respuesta del sistema judicial.<\/p>\n<p>\u201cEsta inteligencia requiere de un esfuerzo conjunto en el dise\u00f1o de un nuevo escenario de trabajo, que nos interpela a todos: jueces, funcionarios, agentes, abogados, peritos y dem\u00e1s usuarios\u201d, se\u00f1ala el texto del acuerdo.<\/p>\n<p>Adem\u00e1s, se establece que los escritos que no cumplan con los requisitos formales ser\u00e1n intimados a subsanarse en el plazo de dos d\u00edas h\u00e1biles. De no hacerlo, se tendr\u00e1n por no presentados y se ordenar\u00e1 su devoluci\u00f3n sin otro tr\u00e1mite.<\/p>\n<p>La Corte tambi\u00e9n reiter\u00f3 la vigencia de los lineamientos sobre presentaci\u00f3n de prueba documental, recordando que, salvo casos excepcionales, los profesionales deber\u00e1n describir expresamente los elementos probatorios ofrecidos, los cuales ser\u00e1n requeridos por la<br \/>\nmagistratura en la etapa procesal correspondiente.<\/p>\n<p>Esta nueva reglamentaci\u00f3n pretende consolidar un modelo de litigaci\u00f3n digital que busca dejar atr\u00e1s \u201cviejos arquetipos que no comulgan con los actuales est\u00e1ndares de funcionamiento\u201d.<\/p>\n<p><strong>Puntos salientes de la Acordada:<\/strong><\/p>\n<p>\u2714 Las demandas y contestaciones deber\u00e1n tener una extensi\u00f3n m\u00e1xima de 40 p\u00e1ginas de 26 renglones.<br \/>\n\u2714 Letra claramente legible tama\u00f1o 12 o superior. \u2714 Se intimar\u00e1 a subsanar los escritos que no cumplan, bajo apercibimiento de devoluci\u00f3n.<br \/>\n\u2714 Se refuerzan los criterios sobre presentaci\u00f3n de prueba documental en formato digital.<\/p>\n<p>La medida comenzar\u00e1 a regir el 1 de noviembre de 2025.<\/p>\n","protected":false},"excerpt":{"rendered":"<p>La Corte Suprema de Santa Fe refuerza su pol\u00edtica de digitalizaci\u00f3n y despapelizaci\u00f3n final, limitando la extensi\u00f3n de los escritos de demanda y su contestaci\u00f3n a 40 p\u00e1ginas de 26 renglones y tama\u00f1o de letra igual o mayor a 12. La medida regir\u00e1 desde el 1\u00b0 de noviembre. En el marco de una pol\u00edtica sostenida [&hellip;]<\/p>\n","protected":false},"author":3,"featured_media":67360,"comment_status":"closed","ping_status":"closed","sticky":false,"template":"","format":"standard","meta":{"_joinchat":[],"footnotes":""},"categories":[60],"tags":[],"class_list":{"0":"post-67357","1":"post","2":"type-post","3":"status-publish","4":"format-standard","5":"has-post-thumbnail","7":"category-provinciales"},"_links":{"self":[{"href":"https:\/\/infovera.com.ar\/web\/wp-json\/wp\/v2\/posts\/67357","targetHints":{"allow":["GET"]}}],"collection":[{"href":"https:\/\/infovera.com.ar\/web\/wp-json\/wp\/v2\/posts"}],"about":[{"href":"https:\/\/infovera.com.ar\/web\/wp-json\/wp\/v2\/types\/post"}],"author":[{"embeddable":true,"href":"https:\/\/infovera.com.ar\/web\/wp-json\/wp\/v2\/users\/3"}],"replies":[{"embeddable":true,"href":"https:\/\/infovera.com.ar\/web\/wp-json\/wp\/v2\/comments?post=67357"}],"version-history":[{"count":0,"href":"https:\/\/infovera.com.ar\/web\/wp-json\/wp\/v2\/posts\/67357\/revisions"}],"wp:featuredmedia":[{"embeddable":true,"href":"https:\/\/infovera.com.ar\/web\/wp-json\/wp\/v2\/media\/67360"}],"wp:attachment":[{"href":"https:\/\/infovera.com.ar\/web\/wp-json\/wp\/v2\/media?parent=67357"}],"wp:term":[{"taxonomy":"category","embeddable":true,"href":"https:\/\/infovera.com.ar\/web\/wp-json\/wp\/v2\/categories?post=67357"},{"taxonomy":"post_tag","embeddable":true,"href":"https:\/\/infovera.com.ar\/web\/wp-json\/wp\/v2\/tags?post=67357"}],"curies":[{"name":"wp","href":"https:\/\/api.w.org\/{rel}","templated":true}]}}