{"id":67350,"date":"2025-10-27T12:35:40","date_gmt":"2025-10-27T15:35:40","guid":{"rendered":"https:\/\/infovera.com.ar\/web\/?p=67350"},"modified":"2025-10-29T14:21:52","modified_gmt":"2025-10-29T17:21:52","slug":"el-tercer-lugar-provincias-unidas-un-nuevo-reves-electoral-para-el-grupo-politico-que-gobierna-vera","status":"publish","type":"post","link":"https:\/\/infovera.com.ar\/web\/2025\/10\/27\/el-tercer-lugar-provincias-unidas-un-nuevo-reves-electoral-para-el-grupo-politico-que-gobierna-vera\/","title":{"rendered":"El tercer lugar Provincias Unidas, un nuevo rev\u00e9s electoral para el grupo pol\u00edtico que gobierna Vera"},"content":{"rendered":"<p><strong>La f\u00f3rmula provincial respaldada por el gobierno municipal volvi\u00f3 a sufrir un duro golpe en las urnas en el distrito Vera.<\/strong><\/p>\n<p>Las elecciones legislativas del 26 de octubre dejaron en evidencia un nuevo traspi\u00e9 para el espacio pol\u00edtico de la intendente de Vera, Paula Mitre, que no logr\u00f3 trasladar su respaldo a la f\u00f3rmula provincial encabezada por Gisela Scaglia y Maximiliano Pullaro.<\/p>\n<p>A pesar de la fuerte presencia de carteler\u00eda con rostros de dirigentes provinciales y locales, publicaciones oficiales resaltando los logros de la gesti\u00f3n y una serie de visitas a vecinos en los d\u00edas previos a la elecci\u00f3n, la estrategia no alcanz\u00f3 para revertir el clima de desaprobaci\u00f3n. En el plano local, la lista apoyada por Mitre qued\u00f3 en tercer lugar, detr\u00e1s de La Libertad Avanza y Fuerza Patria, una ubicaci\u00f3n que reflejar\u00eda una retracci\u00f3n del acompa\u00f1amiento ciudadano hacia el oficialismo municipal.<\/p>\n<blockquote><p><strong><span style=\"font-size: 14px; color: #ff0000;\">En la ciudad cabecera, LLA fue el espacio m\u00e1s votado con 3.442 sufragios, contra las 3.065 voluntades que cosech\u00f3 Fuerza Patria, y los 1.512 votos de Provincias Unidas.<\/span><\/strong><\/p><\/blockquote>\n<p>El resultado reproduce el esquema de las \u00faltimas elecciones a concejal, donde el candidato impulsado por Mitre apenas logr\u00f3 conservar su banca, confirmando una tendencia descendente en la base de apoyo del espacio.<\/p>\n<p>La derrota plantea interrogantes sobre la capacidad de liderazgo y articulaci\u00f3n pol\u00edtica del grupo que gobierna Vera dentro del escenario provincial, especialmente frente a la gesti\u00f3n de Maximiliano Pullaro, y que obliga a una profunda autocr\u00edtica.<\/p>\n<p><strong>Sin embargo, Provincias Unidas cay\u00f3 en casi todo el territorio provincial, incluso en Reconquista donde con el apoyo del peronismo gobernante. Eso podr\u00eda atemperar el mal trago de domingo para el oficialismo verense.<\/strong><\/p>\n<p>En los pr\u00f3ximos d\u00edas, la lectura de los resultados y los movimientos dentro del propio oficialismo determinar\u00e1n si este nuevo traspi\u00e9 electoral marca un punto de inflexi\u00f3n en el mapa pol\u00edtico verense o si se trata de un episodio m\u00e1s dentro de un proceso de desgaste que comenz\u00f3 tiempo atr\u00e1s.<\/p>\n","protected":false},"excerpt":{"rendered":"<p>La f\u00f3rmula provincial respaldada por el gobierno municipal volvi\u00f3 a sufrir un duro golpe en las urnas en el distrito Vera. Las elecciones legislativas del 26 de octubre dejaron en evidencia un nuevo traspi\u00e9 para el espacio pol\u00edtico de la intendente de Vera, Paula Mitre, que no logr\u00f3 trasladar su respaldo a la f\u00f3rmula provincial [&hellip;]<\/p>\n","protected":false},"author":3,"featured_media":48625,"comment_status":"closed","ping_status":"closed","sticky":false,"template":"","format":"standard","meta":{"_joinchat":[],"footnotes":""},"categories":[53],"tags":[],"class_list":{"0":"post-67350","1":"post","2":"type-post","3":"status-publish","4":"format-standard","5":"has-post-thumbnail","7":"category-vera"},"_links":{"self":[{"href":"https:\/\/infovera.com.ar\/web\/wp-json\/wp\/v2\/posts\/67350","targetHints":{"allow":["GET"]}}],"collection":[{"href":"https:\/\/infovera.com.ar\/web\/wp-json\/wp\/v2\/posts"}],"about":[{"href":"https:\/\/infovera.com.ar\/web\/wp-json\/wp\/v2\/types\/post"}],"author":[{"embeddable":true,"href":"https:\/\/infovera.com.ar\/web\/wp-json\/wp\/v2\/users\/3"}],"replies":[{"embeddable":true,"href":"https:\/\/infovera.com.ar\/web\/wp-json\/wp\/v2\/comments?post=67350"}],"version-history":[{"count":0,"href":"https:\/\/infovera.com.ar\/web\/wp-json\/wp\/v2\/posts\/67350\/revisions"}],"wp:featuredmedia":[{"embeddable":true,"href":"https:\/\/infovera.com.ar\/web\/wp-json\/wp\/v2\/media\/48625"}],"wp:attachment":[{"href":"https:\/\/infovera.com.ar\/web\/wp-json\/wp\/v2\/media?parent=67350"}],"wp:term":[{"taxonomy":"category","embeddable":true,"href":"https:\/\/infovera.com.ar\/web\/wp-json\/wp\/v2\/categories?post=67350"},{"taxonomy":"post_tag","embeddable":true,"href":"https:\/\/infovera.com.ar\/web\/wp-json\/wp\/v2\/tags?post=67350"}],"curies":[{"name":"wp","href":"https:\/\/api.w.org\/{rel}","templated":true}]}}