{"id":67344,"date":"2025-10-26T20:09:21","date_gmt":"2025-10-26T23:09:21","guid":{"rendered":"https:\/\/infovera.com.ar\/web\/?p=67344"},"modified":"2025-10-29T10:35:07","modified_gmt":"2025-10-29T13:35:07","slug":"la-libertad-avanza-y-fuerza-patria-se-repartieron-los-votos-en-el-norte-provincial","status":"publish","type":"post","link":"https:\/\/infovera.com.ar\/web\/2025\/10\/26\/la-libertad-avanza-y-fuerza-patria-se-repartieron-los-votos-en-el-norte-provincial\/","title":{"rendered":"La Libertad Avanza y Fuerza Patria se repartieron los votos en el norte provincial"},"content":{"rendered":"<p><strong>El oficialismo nacional y su oposici\u00f3n m\u00e1s directa se repartieron los votos en los departamentos Vera y General Obligado, en el marco de la elecci\u00f3n legislativa nacional para renovar 9 bancas de diputados para el Congreso.<\/strong><\/p>\n<p>El comicio se desarroll\u00f3 con normalidad y cerr\u00f3 puntualmente a las18, cuando comenz\u00f3 el conteo de votos<\/p>\n<p>Pasadas las 20 se fueron sucediendo los resultados en los diferentes territorios. Los escrutinios provisorios -aportados por los comandos de campa\u00f1a de los partidos- arrojaron que el peronismo fue el partido m\u00e1s votado en el departamento Vera. Fuerza Patria, con Caren Tepp como l\u00edder de la lista de diputados nacionales logr\u00f3 9.154 votos, contra los 6.968 votos de LLA y los 4.248 votos de Provincias Unidas.<\/p>\n<p>FP se impuso en Calchaqu\u00ed con 2.311 votos; Caren Tepp se hizo del 48,09 % de los votos v\u00e1lidos emitidos y gan\u00f3 la elecci\u00f3n. En segundo lugar qued\u00f3 LLA, que llevaba como cabeza de la n\u00f3mina a Agust\u00edn Pelegrini, que obtuvo 1.015 votos, el 39,85 %. El tercer puesto fue para Provincias Unidas, con Gisela Scaglia, con 561 votos, el 11,67 %.<\/p>\n<p><strong>En la hom\u00f3nima ciudad cabecera de la vasta geograf\u00eda departamental verense, LLA fue el espacio m\u00e1s votado con 3.442 sufragios, contra las 3.065 voluntades que cosech\u00f3 Fuerza Patria, y los 1.512 votos.<\/strong><\/p>\n<p>General Obligado vio ganar la elecci\u00f3n a LLA con el 31.919 votos, el 36,96 % de las boletas contabilizadas; seguida de Fuerza Patria con 25.509 votos, el 29,54 %, y de Provincias Unidas con 19.293 votos, el 22,34 %.<\/p>\n<p>En Reconquista, el partido del presidente Milei se ubic\u00f3 en lo m\u00e1s alto el podio con el 41 % de caudal total de votantes, en el segundo pelda\u00f1o se posicion\u00f3 Fuerza Patria con el 25 %, y Provincias Unidas se acomod\u00f3 en el puesto inmediato siguiente, con el 15 %.<\/p>\n<p>El recuento en Avellaneda fue el siguiente: LLA 6.049 votos, el 43,48 %; Provincias Unidas 3.900 votos, 28,03 %; Fuerza Patria 2.474 votos, 17,78 %.<\/p>\n","protected":false},"excerpt":{"rendered":"<p>El oficialismo nacional y su oposici\u00f3n m\u00e1s directa se repartieron los votos en los departamentos Vera y General Obligado, en el marco de la elecci\u00f3n legislativa nacional para renovar 9 bancas de diputados para el Congreso. El comicio se desarroll\u00f3 con normalidad y cerr\u00f3 puntualmente a las18, cuando comenz\u00f3 el conteo de votos Pasadas las [&hellip;]<\/p>\n","protected":false},"author":3,"featured_media":67346,"comment_status":"closed","ping_status":"closed","sticky":false,"template":"","format":"standard","meta":{"_joinchat":[],"footnotes":""},"categories":[61],"tags":[],"class_list":{"0":"post-67344","1":"post","2":"type-post","3":"status-publish","4":"format-standard","5":"has-post-thumbnail","7":"category-regionales"},"_links":{"self":[{"href":"https:\/\/infovera.com.ar\/web\/wp-json\/wp\/v2\/posts\/67344","targetHints":{"allow":["GET"]}}],"collection":[{"href":"https:\/\/infovera.com.ar\/web\/wp-json\/wp\/v2\/posts"}],"about":[{"href":"https:\/\/infovera.com.ar\/web\/wp-json\/wp\/v2\/types\/post"}],"author":[{"embeddable":true,"href":"https:\/\/infovera.com.ar\/web\/wp-json\/wp\/v2\/users\/3"}],"replies":[{"embeddable":true,"href":"https:\/\/infovera.com.ar\/web\/wp-json\/wp\/v2\/comments?post=67344"}],"version-history":[{"count":0,"href":"https:\/\/infovera.com.ar\/web\/wp-json\/wp\/v2\/posts\/67344\/revisions"}],"wp:featuredmedia":[{"embeddable":true,"href":"https:\/\/infovera.com.ar\/web\/wp-json\/wp\/v2\/media\/67346"}],"wp:attachment":[{"href":"https:\/\/infovera.com.ar\/web\/wp-json\/wp\/v2\/media?parent=67344"}],"wp:term":[{"taxonomy":"category","embeddable":true,"href":"https:\/\/infovera.com.ar\/web\/wp-json\/wp\/v2\/categories?post=67344"},{"taxonomy":"post_tag","embeddable":true,"href":"https:\/\/infovera.com.ar\/web\/wp-json\/wp\/v2\/tags?post=67344"}],"curies":[{"name":"wp","href":"https:\/\/api.w.org\/{rel}","templated":true}]}}