{"id":67341,"date":"2025-10-26T21:27:14","date_gmt":"2025-10-27T00:27:14","guid":{"rendered":"https:\/\/infovera.com.ar\/web\/?p=67341"},"modified":"2025-10-28T14:18:00","modified_gmt":"2025-10-28T17:18:00","slug":"la-libertad-avanza-gano-en-vera","status":"publish","type":"post","link":"https:\/\/infovera.com.ar\/web\/2025\/10\/26\/la-libertad-avanza-gano-en-vera\/","title":{"rendered":"La Libertad Avanza gan\u00f3 en Vera"},"content":{"rendered":"<p><strong>En la ciudad cabecera, LLA fue el espacio m\u00e1s votado con 3.442 sufragios, contra las 3.065 voluntades que cosech\u00f3 Fuerza Patria, y los 1.512 votos de Provincias Unidas.<\/strong><\/p>\n","protected":false},"excerpt":{"rendered":"<p>En la ciudad cabecera, LLA fue el espacio m\u00e1s votado con 3.442 sufragios, contra las 3.065 voluntades que cosech\u00f3 Fuerza Patria, y los 1.512 votos de Provincias Unidas.<\/p>\n","protected":false},"author":3,"featured_media":67342,"comment_status":"closed","ping_status":"closed","sticky":false,"template":"","format":"standard","meta":{"_joinchat":[],"footnotes":""},"categories":[53],"tags":[],"class_list":{"0":"post-67341","1":"post","2":"type-post","3":"status-publish","4":"format-standard","5":"has-post-thumbnail","7":"category-vera"},"_links":{"self":[{"href":"https:\/\/infovera.com.ar\/web\/wp-json\/wp\/v2\/posts\/67341","targetHints":{"allow":["GET"]}}],"collection":[{"href":"https:\/\/infovera.com.ar\/web\/wp-json\/wp\/v2\/posts"}],"about":[{"href":"https:\/\/infovera.com.ar\/web\/wp-json\/wp\/v2\/types\/post"}],"author":[{"embeddable":true,"href":"https:\/\/infovera.com.ar\/web\/wp-json\/wp\/v2\/users\/3"}],"replies":[{"embeddable":true,"href":"https:\/\/infovera.com.ar\/web\/wp-json\/wp\/v2\/comments?post=67341"}],"version-history":[{"count":0,"href":"https:\/\/infovera.com.ar\/web\/wp-json\/wp\/v2\/posts\/67341\/revisions"}],"wp:featuredmedia":[{"embeddable":true,"href":"https:\/\/infovera.com.ar\/web\/wp-json\/wp\/v2\/media\/67342"}],"wp:attachment":[{"href":"https:\/\/infovera.com.ar\/web\/wp-json\/wp\/v2\/media?parent=67341"}],"wp:term":[{"taxonomy":"category","embeddable":true,"href":"https:\/\/infovera.com.ar\/web\/wp-json\/wp\/v2\/categories?post=67341"},{"taxonomy":"post_tag","embeddable":true,"href":"https:\/\/infovera.com.ar\/web\/wp-json\/wp\/v2\/tags?post=67341"}],"curies":[{"name":"wp","href":"https:\/\/api.w.org\/{rel}","templated":true}]}}