{"id":67335,"date":"2025-10-26T20:40:58","date_gmt":"2025-10-26T23:40:58","guid":{"rendered":"https:\/\/infovera.com.ar\/web\/?p=67335"},"modified":"2025-10-28T14:19:01","modified_gmt":"2025-10-28T17:19:01","slug":"fuerza-se-impuso-en-el-dpto-vera-y-relego-al-tercer-lugar-a-provincias-unidas","status":"publish","type":"post","link":"https:\/\/infovera.com.ar\/web\/2025\/10\/26\/fuerza-se-impuso-en-el-dpto-vera-y-relego-al-tercer-lugar-a-provincias-unidas\/","title":{"rendered":"Fuerza Patria se impuso en el Dpto. Vera y releg\u00f3 al tercer lugar a Provincias Unidas"},"content":{"rendered":"<p><strong>El peronismo fue el partido m\u00e1s votado en el departamento Vera.<\/strong><\/p>\n<p>Fuerza Patria, con Caren Tepp como l\u00edder de la lista de diputados nacionales logr\u00f3 9.154 votos, contra los 6.968 votos de LLA y los 4.248 votos de Provincias Unidas.<\/p>\n","protected":false},"excerpt":{"rendered":"<p>El peronismo fue el partido m\u00e1s votado en el departamento Vera. Fuerza Patria, con Caren Tepp como l\u00edder de la lista de diputados nacionales logr\u00f3 9.154 votos, contra los 6.968 votos de LLA y los 4.248 votos de Provincias Unidas.<\/p>\n","protected":false},"author":3,"featured_media":67336,"comment_status":"closed","ping_status":"closed","sticky":false,"template":"","format":"standard","meta":{"_joinchat":[],"footnotes":""},"categories":[53],"tags":[],"class_list":{"0":"post-67335","1":"post","2":"type-post","3":"status-publish","4":"format-standard","5":"has-post-thumbnail","7":"category-vera"},"_links":{"self":[{"href":"https:\/\/infovera.com.ar\/web\/wp-json\/wp\/v2\/posts\/67335","targetHints":{"allow":["GET"]}}],"collection":[{"href":"https:\/\/infovera.com.ar\/web\/wp-json\/wp\/v2\/posts"}],"about":[{"href":"https:\/\/infovera.com.ar\/web\/wp-json\/wp\/v2\/types\/post"}],"author":[{"embeddable":true,"href":"https:\/\/infovera.com.ar\/web\/wp-json\/wp\/v2\/users\/3"}],"replies":[{"embeddable":true,"href":"https:\/\/infovera.com.ar\/web\/wp-json\/wp\/v2\/comments?post=67335"}],"version-history":[{"count":0,"href":"https:\/\/infovera.com.ar\/web\/wp-json\/wp\/v2\/posts\/67335\/revisions"}],"wp:featuredmedia":[{"embeddable":true,"href":"https:\/\/infovera.com.ar\/web\/wp-json\/wp\/v2\/media\/67336"}],"wp:attachment":[{"href":"https:\/\/infovera.com.ar\/web\/wp-json\/wp\/v2\/media?parent=67335"}],"wp:term":[{"taxonomy":"category","embeddable":true,"href":"https:\/\/infovera.com.ar\/web\/wp-json\/wp\/v2\/categories?post=67335"},{"taxonomy":"post_tag","embeddable":true,"href":"https:\/\/infovera.com.ar\/web\/wp-json\/wp\/v2\/tags?post=67335"}],"curies":[{"name":"wp","href":"https:\/\/api.w.org\/{rel}","templated":true}]}}