{"id":67323,"date":"2025-10-26T19:09:32","date_gmt":"2025-10-26T22:09:32","guid":{"rendered":"https:\/\/infovera.com.ar\/web\/?p=67323"},"modified":"2025-10-26T21:45:26","modified_gmt":"2025-10-27T00:45:26","slug":"magra-afluencia-de-votantes-en-el-norte-provincial-en-el-dpto-vera-apenas-supero-el-50-del-padron","status":"publish","type":"post","link":"https:\/\/infovera.com.ar\/web\/2025\/10\/26\/magra-afluencia-de-votantes-en-el-norte-provincial-en-el-dpto-vera-apenas-supero-el-50-del-padron\/","title":{"rendered":"Magra afluencia de votantes en el norte provincial: en el Dpto. Vera apenas super\u00f3 el 50 % del padr\u00f3n"},"content":{"rendered":"<p><strong>Los datos finales dan cuenta que un hist\u00f3rica negativa de la gente a concurrir a las urnas. En General Obligado los n\u00fameros fueron mejores, pero por debajo de la \u00faltima cita electoral nacional de 2023.<\/strong><\/p>\n<p>El informe final suministrado por la Unidad Regional XIX confirma lo que se esperaba: la magra afluencia de votantes a nivel departamental en las elecciones legislativas nacionales.<\/p>\n<p>Cerrado el comicio, asisti\u00f3 a emitir su voto el 51,55 % de los empadronados en el Dpto. Vera, lo que configura el guarismo m\u00e1s bajo del que se recuerde desde 1983.<\/p>\n<p>El n\u00famero se ubica muy por debajo del antecedente del ballotage de 2023 -la anterior cita nacional con la urnas- donde hab\u00eda votado el 69,31 %.<\/p>\n<p>En tanto, en la ciudad de Vera concurri\u00f3 a las urnas el 54 % de los ciudadanos habilitados para votar.<\/p>\n<p>A su vez, en General Obligado la asistencia de los electores a las urnas tuvo una performance mejor perfilada, con el 61 % de cumplimiento del deber c\u00edvico. Aunque igual estuvo lejos de 69,31 % alcanzado en noviembre de 2023 con la elecci\u00f3n para presidente.<\/p>\n<p>En el \u00e1rea metropolitana Reconquista &#8211; Avellaneda, el tercer conurbano m\u00e1s poblado de la provincia, la estad\u00edstica electoral indic\u00f3 que lleg\u00f3 a 65 % la cantidad de personas sufragantes.<\/p>\n","protected":false},"excerpt":{"rendered":"<p>Los datos finales dan cuenta que un hist\u00f3rica negativa de la gente a concurrir a las urnas. En General Obligado los n\u00fameros fueron mejores, pero por debajo de la \u00faltima cita electoral nacional de 2023. El informe final suministrado por la Unidad Regional XIX confirma lo que se esperaba: la magra afluencia de votantes a [&hellip;]<\/p>\n","protected":false},"author":3,"featured_media":67324,"comment_status":"closed","ping_status":"closed","sticky":false,"template":"","format":"standard","meta":{"_joinchat":[],"footnotes":""},"categories":[53],"tags":[],"class_list":{"0":"post-67323","1":"post","2":"type-post","3":"status-publish","4":"format-standard","5":"has-post-thumbnail","7":"category-vera"},"_links":{"self":[{"href":"https:\/\/infovera.com.ar\/web\/wp-json\/wp\/v2\/posts\/67323","targetHints":{"allow":["GET"]}}],"collection":[{"href":"https:\/\/infovera.com.ar\/web\/wp-json\/wp\/v2\/posts"}],"about":[{"href":"https:\/\/infovera.com.ar\/web\/wp-json\/wp\/v2\/types\/post"}],"author":[{"embeddable":true,"href":"https:\/\/infovera.com.ar\/web\/wp-json\/wp\/v2\/users\/3"}],"replies":[{"embeddable":true,"href":"https:\/\/infovera.com.ar\/web\/wp-json\/wp\/v2\/comments?post=67323"}],"version-history":[{"count":0,"href":"https:\/\/infovera.com.ar\/web\/wp-json\/wp\/v2\/posts\/67323\/revisions"}],"wp:featuredmedia":[{"embeddable":true,"href":"https:\/\/infovera.com.ar\/web\/wp-json\/wp\/v2\/media\/67324"}],"wp:attachment":[{"href":"https:\/\/infovera.com.ar\/web\/wp-json\/wp\/v2\/media?parent=67323"}],"wp:term":[{"taxonomy":"category","embeddable":true,"href":"https:\/\/infovera.com.ar\/web\/wp-json\/wp\/v2\/categories?post=67323"},{"taxonomy":"post_tag","embeddable":true,"href":"https:\/\/infovera.com.ar\/web\/wp-json\/wp\/v2\/tags?post=67323"}],"curies":[{"name":"wp","href":"https:\/\/api.w.org\/{rel}","templated":true}]}}