{"id":67315,"date":"2025-10-26T18:04:41","date_gmt":"2025-10-26T21:04:41","guid":{"rendered":"https:\/\/infovera.com.ar\/web\/?p=67315"},"modified":"2025-10-26T18:04:41","modified_gmt":"2025-10-26T21:04:41","slug":"buscan-al-conductor-de-una-camioneta-que-choco-dos-vehiculos-y-huyo-a-pie","status":"publish","type":"post","link":"https:\/\/infovera.com.ar\/web\/2025\/10\/26\/buscan-al-conductor-de-una-camioneta-que-choco-dos-vehiculos-y-huyo-a-pie\/","title":{"rendered":"Buscan al conductor de una camioneta que choc\u00f3 dos veh\u00edculos y huy\u00f3 a pie"},"content":{"rendered":"<p id=\"block-ce8e3d17-ebbf-4cb2-a45f-f594f2e0ba88\" class=\"block-editor-rich-text__editable block-editor-block-list__block wp-block is-multi-selected is-partially-selected wp-block-paragraph rich-text is-hovered\" role=\"document\" contenteditable=\"true\" aria-multiline=\"true\" aria-label=\"Bloque: P\u00e1rrafo\" data-block=\"ce8e3d17-ebbf-4cb2-a45f-f594f2e0ba88\" data-type=\"core\/paragraph\" data-title=\"P\u00e1rrafo\" data-empty=\"false\" data-wp-block-attribute-key=\"content\"><strong>En la noche del s\u00e1bado, alrededor de las 20:35, personal del Comando Radioel\u00e9ctrico fue comisionado por la central 911 a ra\u00edz de un accidente de tr\u00e1nsito ocurrido en calle 67 al 539.<\/strong><\/p>\n<p id=\"block-a45fdb68-6640-4398-993d-7fa8503ededd\" class=\"block-editor-rich-text__editable block-editor-block-list__block wp-block is-multi-selected is-partially-selected wp-block-paragraph rich-text\" role=\"document\" contenteditable=\"true\" aria-multiline=\"true\" aria-label=\"Bloque: P\u00e1rrafo\" data-block=\"a45fdb68-6640-4398-993d-7fa8503ededd\" data-type=\"core\/paragraph\" data-title=\"P\u00e1rrafo\" data-empty=\"false\" data-wp-block-attribute-key=\"content\">En el lugar, los agentes se entrevistaron con un vecino, domiciliado en el barrio Carmen Luisa, quien relat\u00f3 que hab\u00eda dejado su autom\u00f3vil Toyota Corolla estacionado y que una camioneta lo colision\u00f3. Seg\u00fan su testimonio, el conductor -y su acompa\u00f1ante- se encontraban en evidente estado de ebriedad y le pidieron que no llamara a la polic\u00eda, antes de abandonar el veh\u00edculo y darse a la fuga a pie.<\/p>\n<p id=\"block-46cdfeba-4237-4ce2-be52-20a8ee7eec84\" class=\"block-editor-rich-text__editable block-editor-block-list__block wp-block is-multi-selected is-partially-selected wp-block-paragraph rich-text\" role=\"document\" contenteditable=\"true\" aria-multiline=\"true\" aria-label=\"Bloque: P\u00e1rrafo\" data-block=\"46cdfeba-4237-4ce2-be52-20a8ee7eec84\" data-type=\"core\/paragraph\" data-title=\"P\u00e1rrafo\" data-empty=\"false\" data-wp-block-attribute-key=\"content\">Posteriormente, otro vecino del barrio Obligado inform\u00f3 que la misma camioneta hab\u00eda impactado su acoplado estacionado frente a su vivienda momentos antes del otro choque.<\/p>\n<p id=\"block-25360a9d-2491-4781-86ff-5958e0613806\" class=\"block-editor-rich-text__editable block-editor-block-list__block wp-block is-multi-selected is-partially-selected wp-block-paragraph rich-text\" role=\"document\" contenteditable=\"true\" aria-multiline=\"true\" aria-label=\"Bloque: P\u00e1rrafo\" data-block=\"25360a9d-2491-4781-86ff-5958e0613806\" data-type=\"core\/paragraph\" data-title=\"P\u00e1rrafo\" data-empty=\"false\" data-wp-block-attribute-key=\"content\">En el lugar trabaj\u00f3 personal municipal de tr\u00e1nsito, y la polic\u00eda procura dar con los responsables del hecho, quienes a\u00fan no fueron localizados.<\/p>\n","protected":false},"excerpt":{"rendered":"<p>En la noche del s\u00e1bado, alrededor de las 20:35, personal del Comando Radioel\u00e9ctrico fue comisionado por la central 911 a ra\u00edz de un accidente de tr\u00e1nsito ocurrido en calle 67 al 539. En el lugar, los agentes se entrevistaron con un vecino, domiciliado en el barrio Carmen Luisa, quien relat\u00f3 que hab\u00eda dejado su autom\u00f3vil [&hellip;]<\/p>\n","protected":false},"author":3,"featured_media":67316,"comment_status":"closed","ping_status":"closed","sticky":false,"template":"","format":"standard","meta":{"_joinchat":[],"footnotes":""},"categories":[30,61],"tags":[],"class_list":{"0":"post-67315","1":"post","2":"type-post","3":"status-publish","4":"format-standard","5":"has-post-thumbnail","7":"category-policiales","8":"category-regionales"},"_links":{"self":[{"href":"https:\/\/infovera.com.ar\/web\/wp-json\/wp\/v2\/posts\/67315","targetHints":{"allow":["GET"]}}],"collection":[{"href":"https:\/\/infovera.com.ar\/web\/wp-json\/wp\/v2\/posts"}],"about":[{"href":"https:\/\/infovera.com.ar\/web\/wp-json\/wp\/v2\/types\/post"}],"author":[{"embeddable":true,"href":"https:\/\/infovera.com.ar\/web\/wp-json\/wp\/v2\/users\/3"}],"replies":[{"embeddable":true,"href":"https:\/\/infovera.com.ar\/web\/wp-json\/wp\/v2\/comments?post=67315"}],"version-history":[{"count":0,"href":"https:\/\/infovera.com.ar\/web\/wp-json\/wp\/v2\/posts\/67315\/revisions"}],"wp:featuredmedia":[{"embeddable":true,"href":"https:\/\/infovera.com.ar\/web\/wp-json\/wp\/v2\/media\/67316"}],"wp:attachment":[{"href":"https:\/\/infovera.com.ar\/web\/wp-json\/wp\/v2\/media?parent=67315"}],"wp:term":[{"taxonomy":"category","embeddable":true,"href":"https:\/\/infovera.com.ar\/web\/wp-json\/wp\/v2\/categories?post=67315"},{"taxonomy":"post_tag","embeddable":true,"href":"https:\/\/infovera.com.ar\/web\/wp-json\/wp\/v2\/tags?post=67315"}],"curies":[{"name":"wp","href":"https:\/\/api.w.org\/{rel}","templated":true}]}}