{"id":67312,"date":"2025-10-25T19:00:41","date_gmt":"2025-10-25T22:00:41","guid":{"rendered":"https:\/\/infovera.com.ar\/web\/?p=67312"},"modified":"2025-10-26T21:47:54","modified_gmt":"2025-10-27T00:47:54","slug":"a-20-anos-del-femicidio-de-florencia-morello-la-lucha-de-su-madre-mantiene-viva-la-investigacion","status":"publish","type":"post","link":"https:\/\/infovera.com.ar\/web\/2025\/10\/25\/a-20-anos-del-femicidio-de-florencia-morello-la-lucha-de-su-madre-mantiene-viva-la-investigacion\/","title":{"rendered":"A 20 a\u00f1os del femicidio de Florencia Morello, la lucha de su madre mantiene viva la investigaci\u00f3n\u00a0"},"content":{"rendered":"<p>Blanca Cuatr\u00edn contin\u00faa firme en su reclamo de justicia y pide que quienes puedan aportar alg\u00fan dato se acerquen a las autoridades. Esta semana fue recibida por la Fiscal General, Mar\u00eda Cecilia Vranicich.<\/p>\n<p>Pasaron dos d\u00e9cadas del femicidio de Mar\u00eda\u00a0Florencia Morello, la joven estudiante de Calchaqu\u00ed que\u00a0fue violada y asesinada en 2005\u00a0en la\u00a0ciudad de Santa Fe. Su madre, Blanca Cuatr\u00edn, logr\u00f3 reimpulsar la investigaci\u00f3n que hab\u00eda sido cerrada.<\/p>\n<p>A veinte a\u00f1os del hecho, el crimen de Florencia contin\u00faa impune. La investigaci\u00f3n fue desestimada y su madre no fue notificada. Adem\u00e1s, lleg\u00f3 a la mujer la versi\u00f3n de que se habr\u00edan perdido las pruebas de ADN que permitir\u00edan identificar a quien, o quienes, agredieron a su hija. Esto gener\u00f3 un profundo malestar en Blanca:\u00a0&#8220;Enterarme de esta manera es lo peor que uno se puede le puede pasar\u201d.<\/p>\n<p>Esta semana, el mi\u00e9rcoles 22 de octubre, Blanca fue recibida por la Fiscal General del Ministerio P\u00fablico de la Acusaci\u00f3n (MPA), Mar\u00eda Cecilia Vranicich, quien le pidi\u00f3 disculpas en nombre de la instituci\u00f3n por no haberla convocado para notificarle la desestimaci\u00f3n de la investigaci\u00f3n fiscal.<\/p>\n<p>En esa reuni\u00f3n, Blanca fue informada sobre las medidas realizadas desde que la causa est\u00e1 en manos del MPA. Adem\u00e1s, Vranicich le dijo que desde la Fiscal\u00eda General se revertir\u00e1 la resoluci\u00f3n de desestimaci\u00f3n, por lo que se abrir\u00e1 nuevamente la investigaci\u00f3n, y le asegur\u00f3 el compromiso institucional de mantenerla al tanto de los avances.<\/p>\n<p>Respecto a la p\u00e9rdida del material gen\u00e9tico recuperado del cuerpo de Florencia, a Blanca le explicaron que los resultados de los estudios de ADN y perfil gen\u00e9tico est\u00e1n preservados, por lo que la inexistencia de la prueba material no supone un impedimento para avanzar en la pesquisa. \u201cPensaba que se hab\u00eda perdido todo, hasta los archivos\u201d, temi\u00f3 Blanca, que dijo sentirse \u201cmuy aliviada\u201d tras la reuni\u00f3n.<\/p>\n<p><strong>El femicidio<\/strong><\/p>\n<p>Mar\u00eda Florencia Morello ten\u00eda 21 a\u00f1os cuando fue asesinada. Se hab\u00eda instalado en Santa Fe para estudiar, era moza y voluntaria en una asociaci\u00f3n que trabajaba con j\u00f3venes con problemas de adicciones.<\/p>\n<p>El 1 de octubre de 2005, por la madrugada, la joven sali\u00f3 de su casa de calle Doctor Zavalla al 2800 para ir a su trabajo. La encontraron agonizando, en el palier de un edificio de Irigoyen Freyre al 3000.<\/p>\n<p>Hab\u00eda sido brutalmente atacada, golpeada y abusada sexualmente. Ten\u00eda un brazo roto, la pelvis fracturada y un ojo destrozado. La operaron de urgencia en el Hospital Jos\u00e9 Mar\u00eda Cullen, pero su condici\u00f3n no mejor\u00f3 y termin\u00f3 falleciendo la madrugada del 6 de octubre.<\/p>\n<p><strong>\u201cNo se olviden de Florencia\u201d<\/strong><\/p>\n<p>Blanca siente que su lucha por obtener justicia ha sido una odisea solitaria. En el programa Santa Fe Policiales, que conducen Danilo Chiapello y Ver\u00f3nica Ensinas por\u00a0CyD Litoral, record\u00f3 que \u201cviajaba yo a Santa Fe y trataba de investigar&#8221;.<\/p>\n<p>La madre tambi\u00e9n expres\u00f3 su gran &#8220;impotencia&#8221; por las l\u00edneas de investigaci\u00f3n que cree que no se siguieron, y por la naturaleza del ataque. &#8220;No se entiende que nadie haya visto nada\u201d, ni escuchado, habiendo sucedido el crimen \u201cen pleno centro\u201d de la ciudad y en el frente de un edificio.<\/p>\n<p>Ante la necesidad de reimpulsar la investigaci\u00f3n, Blanca insisti\u00f3 en que la clave puede estar en la memoria o el testimonio de alguien. Mantiene firme su pedido de justicia, de que la causa \u201cse mueva\u201d y que \u201cno se olviden de Florencia\u201d.<\/p>\n<p>&#8220;Si alguien vio o escuch\u00f3 algo, si se anima ahora despu\u00e9s de tanto tiempo. Todo lo que tengan para presentar, todo lo que se acuerden, sirve\u201d, exclam\u00f3, \u201cno tengan miedo de ir a declarar ante la justicia\u201d.<\/p>\n<p>Su objetivo es claro, que pese a las dos d\u00e9cadas transcurridas su hija obtenga justicia y se pueda saber qu\u00e9 fue lo que realmente pas\u00f3 aquella madrugada.<\/p>\n<p><strong>Fuente: Ornella Pazzi &#8211; El Litoral<\/strong><\/p>\n","protected":false},"excerpt":{"rendered":"<p>Blanca Cuatr\u00edn contin\u00faa firme en su reclamo de justicia y pide que quienes puedan aportar alg\u00fan dato se acerquen a las autoridades. Esta semana fue recibida por la Fiscal General, Mar\u00eda Cecilia Vranicich. Pasaron dos d\u00e9cadas del femicidio de Mar\u00eda\u00a0Florencia Morello, la joven estudiante de Calchaqu\u00ed que\u00a0fue violada y asesinada en 2005\u00a0en la\u00a0ciudad de Santa [&hellip;]<\/p>\n","protected":false},"author":3,"featured_media":40663,"comment_status":"closed","ping_status":"closed","sticky":false,"template":"","format":"standard","meta":{"_joinchat":[],"footnotes":""},"categories":[52],"tags":[],"class_list":{"0":"post-67312","1":"post","2":"type-post","3":"status-publish","4":"format-standard","5":"has-post-thumbnail","7":"category-calchaqui"},"_links":{"self":[{"href":"https:\/\/infovera.com.ar\/web\/wp-json\/wp\/v2\/posts\/67312","targetHints":{"allow":["GET"]}}],"collection":[{"href":"https:\/\/infovera.com.ar\/web\/wp-json\/wp\/v2\/posts"}],"about":[{"href":"https:\/\/infovera.com.ar\/web\/wp-json\/wp\/v2\/types\/post"}],"author":[{"embeddable":true,"href":"https:\/\/infovera.com.ar\/web\/wp-json\/wp\/v2\/users\/3"}],"replies":[{"embeddable":true,"href":"https:\/\/infovera.com.ar\/web\/wp-json\/wp\/v2\/comments?post=67312"}],"version-history":[{"count":0,"href":"https:\/\/infovera.com.ar\/web\/wp-json\/wp\/v2\/posts\/67312\/revisions"}],"wp:featuredmedia":[{"embeddable":true,"href":"https:\/\/infovera.com.ar\/web\/wp-json\/wp\/v2\/media\/40663"}],"wp:attachment":[{"href":"https:\/\/infovera.com.ar\/web\/wp-json\/wp\/v2\/media?parent=67312"}],"wp:term":[{"taxonomy":"category","embeddable":true,"href":"https:\/\/infovera.com.ar\/web\/wp-json\/wp\/v2\/categories?post=67312"},{"taxonomy":"post_tag","embeddable":true,"href":"https:\/\/infovera.com.ar\/web\/wp-json\/wp\/v2\/tags?post=67312"}],"curies":[{"name":"wp","href":"https:\/\/api.w.org\/{rel}","templated":true}]}}