{"id":67306,"date":"2025-10-25T19:29:04","date_gmt":"2025-10-25T22:29:04","guid":{"rendered":"https:\/\/infovera.com.ar\/web\/?p=67306"},"modified":"2025-10-26T21:47:15","modified_gmt":"2025-10-27T00:47:15","slug":"vera-la-pdi-aprehendio-a-un-hombre-por-hurto","status":"publish","type":"post","link":"https:\/\/infovera.com.ar\/web\/2025\/10\/25\/vera-la-pdi-aprehendio-a-un-hombre-por-hurto\/","title":{"rendered":"Vera: la PDI aprehendi\u00f3 a un hombre por hurto"},"content":{"rendered":"<p>Personal de la Polic\u00eda de Investigaciones &#8211; Distrito Vera, dependiente del Ministerio de Justicia y Seguridad de la provincia de Santa Fe, realiz\u00f3 tareas en el marco de una investigaci\u00f3n por la sustracci\u00f3n de una motocicleta marca Honda XR 125 c.c., iniciada a ra\u00edz de una denuncia radicada el pasado 18 de octubre del corriente a\u00f1o en la ciudad de Margarita.<\/p>\n<p>Personal de CRE UR XIX, recupero parte de la misma, como ser cachas y cuadro del rodado el d\u00eda 20 del corriente mes,pero al recibir la ampliaci\u00f3n de la denuncia el damnificado observo que estar\u00edan ofreciendo las partes del rodado en Marketplace de la red social Facebook.<\/p>\n<p>Tras tareas investigativas y el relevamiento de publicaciones en redes sociales, se estableci\u00f3 que distintas partes del motoveh\u00edculo sustra\u00eddo estar\u00edan siendo ofrecidas a la venta. A partir de ello, se realiz\u00f3 un procedimiento en una vivienda ubicada en Calle Leandro Alem N\u00b0 2400 de la ciudad de Vera, donde se procedi\u00f3 al secuestro de numerosas piezas y componentes pertenecientes a una motocicleta Honda, coincidentes con las caracter\u00edsticas del rosado sustra\u00eddo.<\/p>\n<p>Como resultado del procedimiento, N.F.J. de 18 a\u00f1os de edad fue aprehendido y notificado de la causa posteriormente recupera su libertad por disposici\u00f3n del fiscal interviniente.<\/p>\n<p>Asimismo, en un terreno bald\u00edo lindante al domicilio del imputado se hall\u00f3 un block de motor con numeraci\u00f3n adulterada, el cual fue secuestrado preventivamente por su posible relaci\u00f3n con el il\u00edcito investigado.<\/p>\n<p>La Unidad Fiscal de Vera, a cargo del Dr. Juan Carlos Koguc, contin\u00faa con las diligencias tendientes al total esclarecimiento del hecho.<\/p>\n","protected":false},"excerpt":{"rendered":"<p>Personal de la Polic\u00eda de Investigaciones &#8211; Distrito Vera, dependiente del Ministerio de Justicia y Seguridad de la provincia de Santa Fe, realiz\u00f3 tareas en el marco de una investigaci\u00f3n por la sustracci\u00f3n de una motocicleta marca Honda XR 125 c.c., iniciada a ra\u00edz de una denuncia radicada el pasado 18 de octubre del corriente [&hellip;]<\/p>\n","protected":false},"author":3,"featured_media":67307,"comment_status":"closed","ping_status":"closed","sticky":false,"template":"","format":"standard","meta":{"_joinchat":[],"footnotes":""},"categories":[30,53],"tags":[],"class_list":{"0":"post-67306","1":"post","2":"type-post","3":"status-publish","4":"format-standard","5":"has-post-thumbnail","7":"category-policiales","8":"category-vera"},"_links":{"self":[{"href":"https:\/\/infovera.com.ar\/web\/wp-json\/wp\/v2\/posts\/67306","targetHints":{"allow":["GET"]}}],"collection":[{"href":"https:\/\/infovera.com.ar\/web\/wp-json\/wp\/v2\/posts"}],"about":[{"href":"https:\/\/infovera.com.ar\/web\/wp-json\/wp\/v2\/types\/post"}],"author":[{"embeddable":true,"href":"https:\/\/infovera.com.ar\/web\/wp-json\/wp\/v2\/users\/3"}],"replies":[{"embeddable":true,"href":"https:\/\/infovera.com.ar\/web\/wp-json\/wp\/v2\/comments?post=67306"}],"version-history":[{"count":0,"href":"https:\/\/infovera.com.ar\/web\/wp-json\/wp\/v2\/posts\/67306\/revisions"}],"wp:featuredmedia":[{"embeddable":true,"href":"https:\/\/infovera.com.ar\/web\/wp-json\/wp\/v2\/media\/67307"}],"wp:attachment":[{"href":"https:\/\/infovera.com.ar\/web\/wp-json\/wp\/v2\/media?parent=67306"}],"wp:term":[{"taxonomy":"category","embeddable":true,"href":"https:\/\/infovera.com.ar\/web\/wp-json\/wp\/v2\/categories?post=67306"},{"taxonomy":"post_tag","embeddable":true,"href":"https:\/\/infovera.com.ar\/web\/wp-json\/wp\/v2\/tags?post=67306"}],"curies":[{"name":"wp","href":"https:\/\/api.w.org\/{rel}","templated":true}]}}