{"id":67301,"date":"2025-10-25T09:57:13","date_gmt":"2025-10-25T12:57:13","guid":{"rendered":"https:\/\/infovera.com.ar\/web\/?p=67301"},"modified":"2025-10-25T10:00:37","modified_gmt":"2025-10-25T13:00:37","slug":"choque-entre-un-colectivo-y-un-automovil-dejo-dos-personas-heridas-en-tacuarendi","status":"publish","type":"post","link":"https:\/\/infovera.com.ar\/web\/2025\/10\/25\/choque-entre-un-colectivo-y-un-automovil-dejo-dos-personas-heridas-en-tacuarendi\/","title":{"rendered":"Choque entre un colectivo y un autom\u00f3vil dej\u00f3 dos personas heridas en Tacuarend\u00ed"},"content":{"rendered":"<p><strong>En horas de la madrugada de este s\u00e1bado 25 de octubre, alrededor de las 2:40, personal de la Subcomisar\u00eda 1\u00aa de la Unidad Regional IX intervino en un accidente de tr\u00e1nsito ocurrido sobre la Ruta Nacional N\u00b0 11, a la altura del kil\u00f3metro 882 aproximadamente.<\/strong><\/p>\n<p>Por causas que se tratan de establecer, un \u00f3mnibus Mercedes Benz 500 perteneciente a la empresa Tu Recreo, conducido por un hombre oriundo de Santa Fe Capital, colision\u00f3 con un autom\u00f3vil Renault Logan azul, cuyo conductor tambi\u00e9n es mayor de edad y tiene domicilio en Las Toscas.<\/p>\n<p>Como consecuencia del impacto, el chofer del autom\u00f3vil result\u00f3 con lesiones de consideraci\u00f3n, al igual que un pasajero del colectivo, quien fue trasladado al SAMCo de Villa Ocampo. En tanto, el conductor del Logan fue derivado al Hospital Regional de Reconquista.<\/p>\n<p>En el lugar trabaj\u00f3 personal policial y se solicit\u00f3 la presencia del Grupo T\u00e9cnico Criminal\u00edstico, que realiz\u00f3 las pericias correspondientes para determinar las causas del siniestro.<\/p>\n","protected":false},"excerpt":{"rendered":"<p>En horas de la madrugada de este s\u00e1bado 25 de octubre, alrededor de las 2:40, personal de la Subcomisar\u00eda 1\u00aa de la Unidad Regional IX intervino en un accidente de tr\u00e1nsito ocurrido sobre la Ruta Nacional N\u00b0 11, a la altura del kil\u00f3metro 882 aproximadamente. Por causas que se tratan de establecer, un \u00f3mnibus Mercedes [&hellip;]<\/p>\n","protected":false},"author":3,"featured_media":67305,"comment_status":"closed","ping_status":"closed","sticky":false,"template":"","format":"standard","meta":{"_joinchat":[],"footnotes":""},"categories":[30,61],"tags":[],"class_list":{"0":"post-67301","1":"post","2":"type-post","3":"status-publish","4":"format-standard","5":"has-post-thumbnail","7":"category-policiales","8":"category-regionales"},"_links":{"self":[{"href":"https:\/\/infovera.com.ar\/web\/wp-json\/wp\/v2\/posts\/67301","targetHints":{"allow":["GET"]}}],"collection":[{"href":"https:\/\/infovera.com.ar\/web\/wp-json\/wp\/v2\/posts"}],"about":[{"href":"https:\/\/infovera.com.ar\/web\/wp-json\/wp\/v2\/types\/post"}],"author":[{"embeddable":true,"href":"https:\/\/infovera.com.ar\/web\/wp-json\/wp\/v2\/users\/3"}],"replies":[{"embeddable":true,"href":"https:\/\/infovera.com.ar\/web\/wp-json\/wp\/v2\/comments?post=67301"}],"version-history":[{"count":0,"href":"https:\/\/infovera.com.ar\/web\/wp-json\/wp\/v2\/posts\/67301\/revisions"}],"wp:featuredmedia":[{"embeddable":true,"href":"https:\/\/infovera.com.ar\/web\/wp-json\/wp\/v2\/media\/67305"}],"wp:attachment":[{"href":"https:\/\/infovera.com.ar\/web\/wp-json\/wp\/v2\/media?parent=67301"}],"wp:term":[{"taxonomy":"category","embeddable":true,"href":"https:\/\/infovera.com.ar\/web\/wp-json\/wp\/v2\/categories?post=67301"},{"taxonomy":"post_tag","embeddable":true,"href":"https:\/\/infovera.com.ar\/web\/wp-json\/wp\/v2\/tags?post=67301"}],"curies":[{"name":"wp","href":"https:\/\/api.w.org\/{rel}","templated":true}]}}