{"id":67297,"date":"2025-10-25T09:38:56","date_gmt":"2025-10-25T12:38:56","guid":{"rendered":"https:\/\/infovera.com.ar\/web\/?p=67297"},"modified":"2025-10-26T21:48:54","modified_gmt":"2025-10-27T00:48:54","slug":"demoraron-a-un-menor-que-intento-robar-en-el-buffet-de-ferro","status":"publish","type":"post","link":"https:\/\/infovera.com.ar\/web\/2025\/10\/25\/demoraron-a-un-menor-que-intento-robar-en-el-buffet-de-ferro\/","title":{"rendered":"Demoraron a un menor que intent\u00f3 robar en el buffet de Ferro"},"content":{"rendered":"<p><strong>Personal de la Comisar\u00eda Primera de la Unidad Regional XIX intervino el viernes en un hecho de robo ocurrido en un club deportivo ubicado en inmediaciones de Hip\u00f3lito Irigoyen y Rosario, en la ciudad de Vera.<\/strong><\/p>\n<p>La actuaci\u00f3n policial se origin\u00f3 a partir de una alerta de la operadora en turno, que daba cuenta de un posible arresto civil en las cercan\u00edas del predio. Justo cuando intentaba entrar al buffet fue visto por un integrante de la comisi\u00f3n que justo llegaba al club y lo retuvo.<\/p>\n<p>Al llegar al lugar, los agentes demoraron a un menor de 16 a\u00f1os, quien habr\u00eda intentado sustraer distintos elementos desde el interior del club.<\/p>\n<p>Por disposici\u00f3n del Fiscal en turno, el joven fue restituido a su madre, mientras se contin\u00faan las diligencias tendientes al esclarecimiento total del hecho.<\/p>\n","protected":false},"excerpt":{"rendered":"<p>Personal de la Comisar\u00eda Primera de la Unidad Regional XIX intervino el viernes en un hecho de robo ocurrido en un club deportivo ubicado en inmediaciones de Hip\u00f3lito Irigoyen y Rosario, en la ciudad de Vera. La actuaci\u00f3n policial se origin\u00f3 a partir de una alerta de la operadora en turno, que daba cuenta de [&hellip;]<\/p>\n","protected":false},"author":3,"featured_media":67298,"comment_status":"closed","ping_status":"closed","sticky":false,"template":"","format":"standard","meta":{"_joinchat":[],"footnotes":""},"categories":[30,53],"tags":[],"class_list":{"0":"post-67297","1":"post","2":"type-post","3":"status-publish","4":"format-standard","5":"has-post-thumbnail","7":"category-policiales","8":"category-vera"},"_links":{"self":[{"href":"https:\/\/infovera.com.ar\/web\/wp-json\/wp\/v2\/posts\/67297","targetHints":{"allow":["GET"]}}],"collection":[{"href":"https:\/\/infovera.com.ar\/web\/wp-json\/wp\/v2\/posts"}],"about":[{"href":"https:\/\/infovera.com.ar\/web\/wp-json\/wp\/v2\/types\/post"}],"author":[{"embeddable":true,"href":"https:\/\/infovera.com.ar\/web\/wp-json\/wp\/v2\/users\/3"}],"replies":[{"embeddable":true,"href":"https:\/\/infovera.com.ar\/web\/wp-json\/wp\/v2\/comments?post=67297"}],"version-history":[{"count":0,"href":"https:\/\/infovera.com.ar\/web\/wp-json\/wp\/v2\/posts\/67297\/revisions"}],"wp:featuredmedia":[{"embeddable":true,"href":"https:\/\/infovera.com.ar\/web\/wp-json\/wp\/v2\/media\/67298"}],"wp:attachment":[{"href":"https:\/\/infovera.com.ar\/web\/wp-json\/wp\/v2\/media?parent=67297"}],"wp:term":[{"taxonomy":"category","embeddable":true,"href":"https:\/\/infovera.com.ar\/web\/wp-json\/wp\/v2\/categories?post=67297"},{"taxonomy":"post_tag","embeddable":true,"href":"https:\/\/infovera.com.ar\/web\/wp-json\/wp\/v2\/tags?post=67297"}],"curies":[{"name":"wp","href":"https:\/\/api.w.org\/{rel}","templated":true}]}}