{"id":67292,"date":"2025-10-25T08:42:05","date_gmt":"2025-10-25T11:42:05","guid":{"rendered":"https:\/\/infovera.com.ar\/web\/?p=67292"},"modified":"2025-10-25T20:04:02","modified_gmt":"2025-10-25T23:04:02","slug":"buenos-milimetrajes-en-el-dpto-vera-2","status":"publish","type":"post","link":"https:\/\/infovera.com.ar\/web\/2025\/10\/25\/buenos-milimetrajes-en-el-dpto-vera-2\/","title":{"rendered":"Buenos milimetrajes en el Dpto. Vera"},"content":{"rendered":"<p><strong>El segundo mes de la primavera arranc\u00f3 con buenos registros de lluvias en el norte santafesino.<\/strong><\/p>\n<p>En la madrugada del s\u00e1bado, las precipitaciones llegaron como una bendici\u00f3n a pueblos y ciudades de la regi\u00f3n, con marcas superiores a los 50 mm en la mayor\u00eda de los casos.<\/p>\n<p><strong>Los datos de lluvia del departamento Vera, informados por la Unidad Regional XIX, arrojaron que en la ciudad de Vera, la cabecera departamental, cay\u00f3 50mm, mientras que el el resto del territorio se dieron estas marcas: Santa Luc\u00eda 75 mm; Garabato 52 mm; Margarita 50 mm; La Gallareta 50 mm; Golondrina 52 mm; Calchaqu\u00ed 40 mm; Intiyaco 70 mm.<\/strong><\/p>\n<p>A su vez, en General Obligado, la denominada &#8220;capital del norte&#8221; recibi\u00f3 64 mm de acuerdo al pluvi\u00f3metro del Cuartel de Bomberos de Reconquista. En Avellaneda, 64 mm, Malabrigo 68 mm.<\/p>\n<p>En el departamento San Justo, los parajes de San Bernardo y Colonia Angeloni tuvieron los mayores vol\u00famenes de lluvia, con 65 y 64 mm. En la ciudad de San Justo fueron 40 los mil\u00edmetros tabulados por la Unidad Regional XVI; 47 mm en Gobernador Crespo, 48 mm en Videla, 47 mm en Pedro G\u00f3mez Cello, 50 mm en la Penca, 41 mm en Nar\u00e9, 45 mm en Colonia Esther y Cayastacito, y el resto de los distritos por debajo de esos n\u00fameros.<\/p>\n<p>Por su parte, la Unidad Regional XIV detall\u00f3 que en San Javier llovi\u00f3 60 mm, \u00a0Romang 112 mm, Alejandra 80 mm, Colonia Teresa 124 mm, La Brava 35 mm, Cacique Ariacaiqu\u00edn 32, mm, Colonia Dur\u00e1n 92 mm.<\/p>\n<p><strong>Pron\u00f3stico<\/strong><\/p>\n<p>El Centro de Monitoreo Meteorol\u00f3gico y Clim\u00e1tico SAT pronostic\u00f3 que las condiciones de tiempo mejorar\u00e1n temporariamente a partir de la tarde del s\u00e1bado y que el domingo electoral anticipa condiciones de tiempo estables, con un ambiente m\u00e1s fresco que los d\u00edas previos.<\/p>\n<p>El lunes, nuevamente desmejorar\u00e1n las condiciones, con probables lluvias, y viento del sur que podr\u00eda superar, con sus r\u00e1fagas, los 60km\/h. Posteriormente, bajar\u00e1n bruscamente las temperaturas.<\/p>\n<p>&nbsp;<\/p>\n<p>&nbsp;<\/p>\n","protected":false},"excerpt":{"rendered":"<p>El segundo mes de la primavera arranc\u00f3 con buenos registros de lluvias en el norte santafesino. En la madrugada del s\u00e1bado, las precipitaciones llegaron como una bendici\u00f3n a pueblos y ciudades de la regi\u00f3n, con marcas superiores a los 50 mm en la mayor\u00eda de los casos. Los datos de lluvia del departamento Vera, informados [&hellip;]<\/p>\n","protected":false},"author":3,"featured_media":60022,"comment_status":"closed","ping_status":"closed","sticky":false,"template":"","format":"standard","meta":{"_joinchat":[],"footnotes":""},"categories":[53],"tags":[],"class_list":{"0":"post-67292","1":"post","2":"type-post","3":"status-publish","4":"format-standard","5":"has-post-thumbnail","7":"category-vera"},"_links":{"self":[{"href":"https:\/\/infovera.com.ar\/web\/wp-json\/wp\/v2\/posts\/67292","targetHints":{"allow":["GET"]}}],"collection":[{"href":"https:\/\/infovera.com.ar\/web\/wp-json\/wp\/v2\/posts"}],"about":[{"href":"https:\/\/infovera.com.ar\/web\/wp-json\/wp\/v2\/types\/post"}],"author":[{"embeddable":true,"href":"https:\/\/infovera.com.ar\/web\/wp-json\/wp\/v2\/users\/3"}],"replies":[{"embeddable":true,"href":"https:\/\/infovera.com.ar\/web\/wp-json\/wp\/v2\/comments?post=67292"}],"version-history":[{"count":0,"href":"https:\/\/infovera.com.ar\/web\/wp-json\/wp\/v2\/posts\/67292\/revisions"}],"wp:featuredmedia":[{"embeddable":true,"href":"https:\/\/infovera.com.ar\/web\/wp-json\/wp\/v2\/media\/60022"}],"wp:attachment":[{"href":"https:\/\/infovera.com.ar\/web\/wp-json\/wp\/v2\/media?parent=67292"}],"wp:term":[{"taxonomy":"category","embeddable":true,"href":"https:\/\/infovera.com.ar\/web\/wp-json\/wp\/v2\/categories?post=67292"},{"taxonomy":"post_tag","embeddable":true,"href":"https:\/\/infovera.com.ar\/web\/wp-json\/wp\/v2\/tags?post=67292"}],"curies":[{"name":"wp","href":"https:\/\/api.w.org\/{rel}","templated":true}]}}