{"id":67289,"date":"2025-10-24T18:00:12","date_gmt":"2025-10-24T21:00:12","guid":{"rendered":"https:\/\/infovera.com.ar\/web\/?p=67289"},"modified":"2025-10-25T09:42:26","modified_gmt":"2025-10-25T12:42:26","slug":"alertas-renovados-por-tormentas-abarca-al-norte-santafesino","status":"publish","type":"post","link":"https:\/\/infovera.com.ar\/web\/2025\/10\/24\/alertas-renovados-por-tormentas-abarca-al-norte-santafesino\/","title":{"rendered":"Alertas renovados por tormentas abarca al norte santafesino"},"content":{"rendered":"<p><strong>El SMN extendi\u00f3 la previsi\u00f3n de mal tiempo a la jornada del s\u00e1bado para todo el territorio santafesino, as\u00ed como de Entre R\u00edos, Corrientes, Chaco, Santiago del Estero y C\u00f3rdoba, y zonas de Misiones, Formosa, Salta, La Rioja, Catamarca, Mendoza, San Juan, San Luis y Buenos Aires.<\/strong><\/p>\n<p>El Servicio Meteorol\u00f3gico Nacional (SMN) inform\u00f3 este viernes por la tarde que el s\u00e1bado las condiciones meteorol\u00f3gicas continuar\u00e1n inestables en las provincias de Santa Fe, Entre R\u00edos, Corrientes, Chaco, Santiago del Estero y C\u00f3rdoba, y zonas de Misiones, Formosa, Salta, La Rioja, Catamarca, Mendoza, San Juan, San Luis y Buenos Aires.<\/p>\n<p><strong>En Santa Fe<\/strong><\/p>\n<p>En la provincia de Santa Fe, rige para el s\u00e1bado un alerta de nivel amarillo para los departamentos Caseros, General L\u00f3pez, Belgrano, Castellanos, Las Colonias y San Mart\u00edn.<\/p>\n<p>El \u00e1rea ser\u00e1 afectada por lluvias y tormentas, algunas localmente fuertes. Las mismas podr\u00edan provocar abundante ca\u00edda de agua en cortos per\u00edodos, actividad el\u00e9ctrica frecuente, granizo y r\u00e1fagas de hasta 90 km\/h.<\/p>\n<p>Adem\u00e1s, se prev\u00e9n valores de precipitaci\u00f3n acumulada entre 40 y 70 mm, que pueden ser superados de manera puntual.<\/p>\n<p><strong>Para el resto de la provincia, en tanto, la advertencia es de nivel naranja y se estima que el \u00e1rea ser\u00e1 afectada tormentas fuertes o localmente severas.<\/strong> Las mismas podr\u00edan provocar abundante ca\u00edda de agua en cortos per\u00edodos, actividad el\u00e9ctrica frecuente, granizo y r\u00e1fagas mayores a los 100 km\/h.<\/p>\n<p>Para el caso, se prev\u00e9n valores de precipitaci\u00f3n acumulada entre 70 y 100 mm.<\/p>\n<p><strong>Recomendaciones<\/strong><\/p>\n<p>En tal sentido, el SMN recomend\u00f3:<\/p>\n<p>No sacar la basura y retirar objetos que impidan que el agua escurra.<br \/>\nEvitar actividades al aire libre.<br \/>\nNo refugiarse cerca de \u00e1rboles y postes de electricidad que puedan caerse.<br \/>\nPara minimizar el riesgo de ser alcanzado por un rayo, no permanecer en playas, r\u00edos, lagunas o piletas.<br \/>\nEstar atentos ante la posible ca\u00edda de granizo.<br \/>\nInformarse por las autoridades locales y tener siempre lista una mochila de emergencias con linterna, radio, documentos y tel\u00e9fono.<br \/>\nPermanecer en construcciones cerradas como casas, escuelas o edificios.<br \/>\nMantenerse alejado de artefactos el\u00e9ctricos y evit\u00e1 el uso de tel\u00e9fonos con cable.<br \/>\nEn caso de encontrarse viajando, permanecer en el interior del veh\u00edculo, ya que los autom\u00f3viles ofrecen una excelente protecci\u00f3n.<br \/>\nEvitar circular por calles inundadas o afectadas.<br \/>\nSi hay riesgo de que el agua ingrese en el domicilio, cortar el suministro el\u00e9ctrico.<br \/>\nEn caso de que alguna persona se vea afectada por estos fen\u00f3meno, comunicarse con los organismos de emergencias locales.<br \/>\nTener siempre lista una mochila de emergencias con linterna, radio, documentos y tel\u00e9fono.<\/p>\n","protected":false},"excerpt":{"rendered":"<p>El SMN extendi\u00f3 la previsi\u00f3n de mal tiempo a la jornada del s\u00e1bado para todo el territorio santafesino, as\u00ed como de Entre R\u00edos, Corrientes, Chaco, Santiago del Estero y C\u00f3rdoba, y zonas de Misiones, Formosa, Salta, La Rioja, Catamarca, Mendoza, San Juan, San Luis y Buenos Aires. El Servicio Meteorol\u00f3gico Nacional (SMN) inform\u00f3 este viernes [&hellip;]<\/p>\n","protected":false},"author":3,"featured_media":67290,"comment_status":"closed","ping_status":"closed","sticky":false,"template":"","format":"standard","meta":{"_joinchat":[],"footnotes":""},"categories":[61],"tags":[],"class_list":{"0":"post-67289","1":"post","2":"type-post","3":"status-publish","4":"format-standard","5":"has-post-thumbnail","7":"category-regionales"},"_links":{"self":[{"href":"https:\/\/infovera.com.ar\/web\/wp-json\/wp\/v2\/posts\/67289","targetHints":{"allow":["GET"]}}],"collection":[{"href":"https:\/\/infovera.com.ar\/web\/wp-json\/wp\/v2\/posts"}],"about":[{"href":"https:\/\/infovera.com.ar\/web\/wp-json\/wp\/v2\/types\/post"}],"author":[{"embeddable":true,"href":"https:\/\/infovera.com.ar\/web\/wp-json\/wp\/v2\/users\/3"}],"replies":[{"embeddable":true,"href":"https:\/\/infovera.com.ar\/web\/wp-json\/wp\/v2\/comments?post=67289"}],"version-history":[{"count":0,"href":"https:\/\/infovera.com.ar\/web\/wp-json\/wp\/v2\/posts\/67289\/revisions"}],"wp:featuredmedia":[{"embeddable":true,"href":"https:\/\/infovera.com.ar\/web\/wp-json\/wp\/v2\/media\/67290"}],"wp:attachment":[{"href":"https:\/\/infovera.com.ar\/web\/wp-json\/wp\/v2\/media?parent=67289"}],"wp:term":[{"taxonomy":"category","embeddable":true,"href":"https:\/\/infovera.com.ar\/web\/wp-json\/wp\/v2\/categories?post=67289"},{"taxonomy":"post_tag","embeddable":true,"href":"https:\/\/infovera.com.ar\/web\/wp-json\/wp\/v2\/tags?post=67289"}],"curies":[{"name":"wp","href":"https:\/\/api.w.org\/{rel}","templated":true}]}}