{"id":67286,"date":"2025-10-24T18:57:34","date_gmt":"2025-10-24T21:57:34","guid":{"rendered":"https:\/\/infovera.com.ar\/web\/?p=67286"},"modified":"2025-10-25T20:06:47","modified_gmt":"2025-10-25T23:06:47","slug":"hecho-historico-por-primera-vez-un-jefe-en-funciones-de-la-ur-xix-alcanza-la-maxima-jerarquia-policial","status":"publish","type":"post","link":"https:\/\/infovera.com.ar\/web\/2025\/10\/24\/hecho-historico-por-primera-vez-un-jefe-en-funciones-de-la-ur-xix-alcanza-la-maxima-jerarquia-policial\/","title":{"rendered":"Hecho hist\u00f3rico: por primera vez, un jefe en funciones de la UR XIX alcanza la m\u00e1xima jerarqu\u00eda policial"},"content":{"rendered":"<p><strong> Mediante el decreto 2640\/2025, el gobernador Maxiliano Pullaro otorg\u00f3 ascensos a personal policial en funciones, retroactivo al \u00ba de enero de 2024.<\/strong><\/p>\n<p>En ese marco, cuatro oficiales alcanzaron el grado m\u00e1ximo de director general de polic\u00eda y otros cuatro de director.<\/p>\n<p><strong>Dos de los ascendidos a la m\u00e1xima jerarqu\u00eda son oriundos del Dpto. Vera: se trata de Sergio Guzm\u00e1n, de La Gallareta; y de Eva Cainelli, de Vera.<\/strong><\/p>\n<p>Adem\u00e1s, un tercer ascendido, <strong>Eduardo Arias<\/strong>, configur\u00f3 un hecho in\u00e9dito al ser la primera vez que un jefe de la Unidad Regional XIX asciende a la m\u00e1xima jerarqu\u00eda estando en funciones en la jefatura verense.<\/p>\n","protected":false},"excerpt":{"rendered":"<p>Mediante el decreto 2640\/2025, el gobernador Maxiliano Pullaro otorg\u00f3 ascensos a personal policial en funciones, retroactivo al \u00ba de enero de 2024. En ese marco, cuatro oficiales alcanzaron el grado m\u00e1ximo de director general de polic\u00eda y otros cuatro de director. Dos de los ascendidos a la m\u00e1xima jerarqu\u00eda son oriundos del Dpto. Vera: se [&hellip;]<\/p>\n","protected":false},"author":3,"featured_media":67287,"comment_status":"closed","ping_status":"closed","sticky":false,"template":"","format":"standard","meta":{"_joinchat":[],"footnotes":""},"categories":[53],"tags":[],"class_list":{"0":"post-67286","1":"post","2":"type-post","3":"status-publish","4":"format-standard","5":"has-post-thumbnail","7":"category-vera"},"_links":{"self":[{"href":"https:\/\/infovera.com.ar\/web\/wp-json\/wp\/v2\/posts\/67286","targetHints":{"allow":["GET"]}}],"collection":[{"href":"https:\/\/infovera.com.ar\/web\/wp-json\/wp\/v2\/posts"}],"about":[{"href":"https:\/\/infovera.com.ar\/web\/wp-json\/wp\/v2\/types\/post"}],"author":[{"embeddable":true,"href":"https:\/\/infovera.com.ar\/web\/wp-json\/wp\/v2\/users\/3"}],"replies":[{"embeddable":true,"href":"https:\/\/infovera.com.ar\/web\/wp-json\/wp\/v2\/comments?post=67286"}],"version-history":[{"count":0,"href":"https:\/\/infovera.com.ar\/web\/wp-json\/wp\/v2\/posts\/67286\/revisions"}],"wp:featuredmedia":[{"embeddable":true,"href":"https:\/\/infovera.com.ar\/web\/wp-json\/wp\/v2\/media\/67287"}],"wp:attachment":[{"href":"https:\/\/infovera.com.ar\/web\/wp-json\/wp\/v2\/media?parent=67286"}],"wp:term":[{"taxonomy":"category","embeddable":true,"href":"https:\/\/infovera.com.ar\/web\/wp-json\/wp\/v2\/categories?post=67286"},{"taxonomy":"post_tag","embeddable":true,"href":"https:\/\/infovera.com.ar\/web\/wp-json\/wp\/v2\/tags?post=67286"}],"curies":[{"name":"wp","href":"https:\/\/api.w.org\/{rel}","templated":true}]}}