{"id":67281,"date":"2025-10-24T18:19:51","date_gmt":"2025-10-24T21:19:51","guid":{"rendered":"https:\/\/infovera.com.ar\/web\/?p=67281"},"modified":"2025-10-25T20:07:51","modified_gmt":"2025-10-25T23:07:51","slug":"el-miercoles-imputaran-al-profesor-de-vera-acusado-de-conductas-inapropiadas-con-alumnos","status":"publish","type":"post","link":"https:\/\/infovera.com.ar\/web\/2025\/10\/24\/el-miercoles-imputaran-al-profesor-de-vera-acusado-de-conductas-inapropiadas-con-alumnos\/","title":{"rendered":"El mi\u00e9rcoles imputar\u00e1n al profesor de Vera acusado de conductas inapropiadas con alumnos"},"content":{"rendered":"<p><strong>Este viernes fue separado del cargo por el Ministerio de Educaci\u00f3n.<\/strong><\/p>\n<p>Los abogados Sixto Gonz\u00e1lez y Agust\u00edn Bergel adelantaron a <strong>InfoVera<\/strong> que el J. M. ser\u00e1 imputado el d\u00eda mi\u00e9rcoles 29, a las 8, por la Fiscal\u00eda de G\u00e9nero del Ministerio P\u00fablico de la Acusaci\u00f3n.<\/p>\n<p>Los profesionales aseveraron que por el momento &#8220;se har\u00e1 en estado de libertad&#8221; y que desde all\u00ed podr\u00e1n imponerse de las actuaciones en donde se persigue penalmente a su defendido.<\/p>\n<p>Gonz\u00e1lez advirti\u00f3 &#8220;m\u00e1s all\u00e1 del clamor social que desconoce, en circunstancias, los \u00e1mbitos jur\u00eddicos y emite opiniones sin fundamentos de derecho y de la pol\u00edtica, que en su af\u00e1n de protagonismo se entromete en la facultad soberana de otros poderes independientes, mi defendido seguir\u00e1 libre y a disposici\u00f3n de la justicia como desde el primer momento lo hiciera&#8221;.<\/p>\n<p>&#8220;A quien defendemos no tiene nada que ocultar, es plenamente inocente y se analiza desde el Estudio, en una presunta incriminaci\u00f3n que recaiga sobre nuestro poderdante, pedir se ampl\u00ede la atribuci\u00f3n hacia aquellos directivos escolares que trataron de minimizar el hecho como encubridores o de amplificarlo, haci\u00e9ndolos responsables civilmente del da\u00f1o causado&#8221;, anticip\u00f3.<\/p>\n","protected":false},"excerpt":{"rendered":"<p>Este viernes fue separado del cargo por el Ministerio de Educaci\u00f3n. Los abogados Sixto Gonz\u00e1lez y Agust\u00edn Bergel adelantaron a InfoVera que el J. M. ser\u00e1 imputado el d\u00eda mi\u00e9rcoles 29, a las 8, por la Fiscal\u00eda de G\u00e9nero del Ministerio P\u00fablico de la Acusaci\u00f3n. Los profesionales aseveraron que por el momento &#8220;se har\u00e1 en [&hellip;]<\/p>\n","protected":false},"author":3,"featured_media":67282,"comment_status":"closed","ping_status":"closed","sticky":false,"template":"","format":"standard","meta":{"_joinchat":[],"footnotes":""},"categories":[30,53],"tags":[],"class_list":{"0":"post-67281","1":"post","2":"type-post","3":"status-publish","4":"format-standard","5":"has-post-thumbnail","7":"category-policiales","8":"category-vera"},"_links":{"self":[{"href":"https:\/\/infovera.com.ar\/web\/wp-json\/wp\/v2\/posts\/67281","targetHints":{"allow":["GET"]}}],"collection":[{"href":"https:\/\/infovera.com.ar\/web\/wp-json\/wp\/v2\/posts"}],"about":[{"href":"https:\/\/infovera.com.ar\/web\/wp-json\/wp\/v2\/types\/post"}],"author":[{"embeddable":true,"href":"https:\/\/infovera.com.ar\/web\/wp-json\/wp\/v2\/users\/3"}],"replies":[{"embeddable":true,"href":"https:\/\/infovera.com.ar\/web\/wp-json\/wp\/v2\/comments?post=67281"}],"version-history":[{"count":0,"href":"https:\/\/infovera.com.ar\/web\/wp-json\/wp\/v2\/posts\/67281\/revisions"}],"wp:featuredmedia":[{"embeddable":true,"href":"https:\/\/infovera.com.ar\/web\/wp-json\/wp\/v2\/media\/67282"}],"wp:attachment":[{"href":"https:\/\/infovera.com.ar\/web\/wp-json\/wp\/v2\/media?parent=67281"}],"wp:term":[{"taxonomy":"category","embeddable":true,"href":"https:\/\/infovera.com.ar\/web\/wp-json\/wp\/v2\/categories?post=67281"},{"taxonomy":"post_tag","embeddable":true,"href":"https:\/\/infovera.com.ar\/web\/wp-json\/wp\/v2\/tags?post=67281"}],"curies":[{"name":"wp","href":"https:\/\/api.w.org\/{rel}","templated":true}]}}