{"id":67276,"date":"2025-10-24T11:27:04","date_gmt":"2025-10-24T14:27:04","guid":{"rendered":"https:\/\/infovera.com.ar\/web\/?p=67276"},"modified":"2025-10-25T09:43:28","modified_gmt":"2025-10-25T12:43:28","slug":"cocos-y-birome-entre-la-ropa-separan-del-cargo-a-un-docente-de-vera-denunciado-por-supuesto-acoso-a-alumnos","status":"publish","type":"post","link":"https:\/\/infovera.com.ar\/web\/2025\/10\/24\/cocos-y-birome-entre-la-ropa-separan-del-cargo-a-un-docente-de-vera-denunciado-por-supuesto-acoso-a-alumnos\/","title":{"rendered":"Cocos y birome entre la ropa: separan del cargo a un docente de Vera denunciado por supuesto acoso a alumnos"},"content":{"rendered":"<p data-start=\"79\" data-end=\"350\"><strong>El Ministerio de Educaci\u00f3n de la Provincia de Santa Fe, a trav\u00e9s de la Delegaci\u00f3n Regional, dispuso la separaci\u00f3n preventiva del cargo de un docente de la ciudad de Vera denunciado por presuntas conductas inapropiadas hacia alumnos de una escuela local.<\/strong><\/p>\n<p data-start=\"352\" data-end=\"603\">El delegado regional de Educaci\u00f3n, Sergio Garc\u00eda, confirm\u00f3 esta ma\u00f1ana a<strong> InfoVera<\/strong> que la medida fue adoptada tras las manifestaciones de padres y docentes, quienes tomaron conocimiento de los hechos a partir de los relatos de ni\u00f1os y ni\u00f1as del establecimiento de la etapa primaria.<\/p>\n<p data-start=\"352\" data-end=\"603\">\u201cLos chicos contaron situaciones que no son correctas dentro de la labor educativa. Inmediatamente se realiz\u00f3 la denuncia y el desplazamiento del cargo\u201d, explic\u00f3 el funcionario.<\/p>\n<p data-start=\"352\" data-end=\"603\"><strong>&#8220;En las actas que hay en la escuela se habla de que a algunos les pegaba &#8220;cocos&#8221;.<\/strong> Yo pienso que habr\u00e1 sido algo por la cabeza. Los chicos dicen &#8216;coco&#8217;, no s\u00e9 a qu\u00e9 le dicen coco. Ac\u00e1 le dicen &#8216;tosco&#8217;. Y bueno, a otros les met\u00eda la birome por la remera y les sacaba la birome por atr\u00e1s. Esas situaciones son las que han ocurrido, digamos, que no son normales dentro de una escuela y menos de un docente&#8221;, precis\u00f3.<\/p>\n<p data-start=\"785\" data-end=\"1190\">El profesor, que se desempe\u00f1aba como docente de taller manual en la Escuela San Jos\u00e9 de Calasanz y en otro taller educativo, fue separado de sus funciones. La denuncia fue radicada ante la Fiscal\u00eda de Vera, y el Ministerio activ\u00f3 los mecanismos administrativos previstos, derivando el caso a la Junta de Disciplina, que llevar\u00e1 adelante la investigaci\u00f3n sumarial correspondiente.<\/p>\n<p data-start=\"785\" data-end=\"1190\"><strong>\u201cEl docente fue notificado hoy de la resoluci\u00f3n y no puede tener contacto con ni\u00f1os mientras dure la investigaci\u00f3n.<\/strong> Cumplir\u00e1 tareas administrativas en un instituto con personas adultas\u201d, precis\u00f3 Garc\u00eda.<\/p>\n","protected":false},"excerpt":{"rendered":"<p>El Ministerio de Educaci\u00f3n de la Provincia de Santa Fe, a trav\u00e9s de la Delegaci\u00f3n Regional, dispuso la separaci\u00f3n preventiva del cargo de un docente de la ciudad de Vera denunciado por presuntas conductas inapropiadas hacia alumnos de una escuela local. El delegado regional de Educaci\u00f3n, Sergio Garc\u00eda, confirm\u00f3 esta ma\u00f1ana a InfoVera que la [&hellip;]<\/p>\n","protected":false},"author":3,"featured_media":67277,"comment_status":"closed","ping_status":"closed","sticky":false,"template":"","format":"standard","meta":{"_joinchat":[],"footnotes":""},"categories":[30,53],"tags":[],"class_list":{"0":"post-67276","1":"post","2":"type-post","3":"status-publish","4":"format-standard","5":"has-post-thumbnail","7":"category-policiales","8":"category-vera"},"_links":{"self":[{"href":"https:\/\/infovera.com.ar\/web\/wp-json\/wp\/v2\/posts\/67276","targetHints":{"allow":["GET"]}}],"collection":[{"href":"https:\/\/infovera.com.ar\/web\/wp-json\/wp\/v2\/posts"}],"about":[{"href":"https:\/\/infovera.com.ar\/web\/wp-json\/wp\/v2\/types\/post"}],"author":[{"embeddable":true,"href":"https:\/\/infovera.com.ar\/web\/wp-json\/wp\/v2\/users\/3"}],"replies":[{"embeddable":true,"href":"https:\/\/infovera.com.ar\/web\/wp-json\/wp\/v2\/comments?post=67276"}],"version-history":[{"count":0,"href":"https:\/\/infovera.com.ar\/web\/wp-json\/wp\/v2\/posts\/67276\/revisions"}],"wp:featuredmedia":[{"embeddable":true,"href":"https:\/\/infovera.com.ar\/web\/wp-json\/wp\/v2\/media\/67277"}],"wp:attachment":[{"href":"https:\/\/infovera.com.ar\/web\/wp-json\/wp\/v2\/media?parent=67276"}],"wp:term":[{"taxonomy":"category","embeddable":true,"href":"https:\/\/infovera.com.ar\/web\/wp-json\/wp\/v2\/categories?post=67276"},{"taxonomy":"post_tag","embeddable":true,"href":"https:\/\/infovera.com.ar\/web\/wp-json\/wp\/v2\/tags?post=67276"}],"curies":[{"name":"wp","href":"https:\/\/api.w.org\/{rel}","templated":true}]}}