{"id":67273,"date":"2025-10-24T10:48:35","date_gmt":"2025-10-24T13:48:35","guid":{"rendered":"https:\/\/infovera.com.ar\/web\/?p=67273"},"modified":"2025-10-24T19:06:17","modified_gmt":"2025-10-24T22:06:17","slug":"ascensos-en-la-unidad-regional-xix-de-vera-reconocimiento-al-compromiso-y-la-vocacion-policial","status":"publish","type":"post","link":"https:\/\/infovera.com.ar\/web\/2025\/10\/24\/ascensos-en-la-unidad-regional-xix-de-vera-reconocimiento-al-compromiso-y-la-vocacion-policial\/","title":{"rendered":"Ascensos en la Unidad Regional XIX de Vera: reconocimiento al compromiso y la vocaci\u00f3n policial"},"content":{"rendered":"<p><strong>La Jefatura de la Unidad Regional XIX de Vera, a cargo del Director General de Polic\u00eda Lic. Eduardo Javier Arias, Jefe de Unidad Regional, y del Director de Polic\u00eda Dar\u00edo Javier Lacuadra, Subjefe de la misma,<\/strong> expres\u00f3 su reconocimiento y felicitaciones al personal policial que, habiendo superado todas las instancias correspondientes, fue promovido a la jerarqu\u00eda superior inmediata mediante el Decreto N.\u00ba 2640\/25 del Ministerio de Seguridad y Justicia de la Provincia de Santa Fe.<\/p>\n<p>Desde la conducci\u00f3n de la fuerza destacaron que este ascenso representa un merecido reconocimiento al esfuerzo, compromiso y dedicaci\u00f3n de cada uno de los funcionarios policiales, as\u00ed como al sacrificio y apoyo de sus familias, pilares fundamentales en el cumplimiento de la misi\u00f3n de servir y proteger a la comunidad.<\/p>\n<p>\u201cEste logro simboliza la superaci\u00f3n personal y profesional de cada efectivo, fruto de su vocaci\u00f3n, responsabilidad y compromiso con la seguridad p\u00fablica\u201d, expresaron desde la Jefatura.<\/p>\n<p>La Unidad Regional XIX reafirma as\u00ed su compromiso de valorar el m\u00e9rito, la trayectoria y la vocaci\u00f3n de servicio de su personal, en el marco del lema institucional:<br \/>\n\u201cA\u00f1o 2025 \u2013 210 a\u00f1os del Congreso de los Pueblos Libres\u201d.<\/p>\n<p>Firmado:<br \/>\nDar\u00edo Javier Lacuadra \u2013 Director de Polic\u00eda, Subjefe UR XIX Vera<br \/>\nLic. Eduardo Javier Arias \u2013 Director General de Polic\u00eda, Jefe UR XIX Vera<\/p>\n","protected":false},"excerpt":{"rendered":"<p>La Jefatura de la Unidad Regional XIX de Vera, a cargo del Director General de Polic\u00eda Lic. Eduardo Javier Arias, Jefe de Unidad Regional, y del Director de Polic\u00eda Dar\u00edo Javier Lacuadra, Subjefe de la misma, expres\u00f3 su reconocimiento y felicitaciones al personal policial que, habiendo superado todas las instancias correspondientes, fue promovido a la [&hellip;]<\/p>\n","protected":false},"author":3,"featured_media":18404,"comment_status":"closed","ping_status":"closed","sticky":false,"template":"","format":"standard","meta":{"_joinchat":[],"footnotes":""},"categories":[53],"tags":[],"class_list":{"0":"post-67273","1":"post","2":"type-post","3":"status-publish","4":"format-standard","5":"has-post-thumbnail","7":"category-vera"},"_links":{"self":[{"href":"https:\/\/infovera.com.ar\/web\/wp-json\/wp\/v2\/posts\/67273","targetHints":{"allow":["GET"]}}],"collection":[{"href":"https:\/\/infovera.com.ar\/web\/wp-json\/wp\/v2\/posts"}],"about":[{"href":"https:\/\/infovera.com.ar\/web\/wp-json\/wp\/v2\/types\/post"}],"author":[{"embeddable":true,"href":"https:\/\/infovera.com.ar\/web\/wp-json\/wp\/v2\/users\/3"}],"replies":[{"embeddable":true,"href":"https:\/\/infovera.com.ar\/web\/wp-json\/wp\/v2\/comments?post=67273"}],"version-history":[{"count":0,"href":"https:\/\/infovera.com.ar\/web\/wp-json\/wp\/v2\/posts\/67273\/revisions"}],"wp:featuredmedia":[{"embeddable":true,"href":"https:\/\/infovera.com.ar\/web\/wp-json\/wp\/v2\/media\/18404"}],"wp:attachment":[{"href":"https:\/\/infovera.com.ar\/web\/wp-json\/wp\/v2\/media?parent=67273"}],"wp:term":[{"taxonomy":"category","embeddable":true,"href":"https:\/\/infovera.com.ar\/web\/wp-json\/wp\/v2\/categories?post=67273"},{"taxonomy":"post_tag","embeddable":true,"href":"https:\/\/infovera.com.ar\/web\/wp-json\/wp\/v2\/tags?post=67273"}],"curies":[{"name":"wp","href":"https:\/\/api.w.org\/{rel}","templated":true}]}}