{"id":67259,"date":"2025-10-24T10:15:11","date_gmt":"2025-10-24T13:15:11","guid":{"rendered":"https:\/\/infovera.com.ar\/web\/?p=67259"},"modified":"2025-10-24T18:25:35","modified_gmt":"2025-10-24T21:25:35","slug":"ascensos-en-la-policia-cuatro-oficiales-alcanzaron-el-grado-maximo-de-director-general","status":"publish","type":"post","link":"https:\/\/infovera.com.ar\/web\/2025\/10\/24\/ascensos-en-la-policia-cuatro-oficiales-alcanzaron-el-grado-maximo-de-director-general\/","title":{"rendered":"Ascensos en la Polic\u00eda: cuatro oficiales alcanzaron el grado m\u00e1ximo de director general"},"content":{"rendered":"<p><strong>Cuatro oficiales alcanzaron el grado m\u00e1ximo de director general de polic\u00eda y otros cuatro de director. El mismo decreto suspende ascensos y aquellos que no cumplieron con el requisito para subir de categor\u00eda. Los oficiales alcanzaron la m\u00e1xima categor\u00eda, de acuerdo al decreto 2640 firmado por el gobernador Maximiliano Pullaro.<\/strong><\/p>\n<p>Sergio Enrique Guzm\u00e1n, Rodolfo Antonio Grimalt, Eduardo Javier Arias y Eva Mar\u00eda Cainelli fueron ascendidos a Director General de Polic\u00eda de provincia, la m\u00e1xima categor\u00eda, de acuerdo al decreto 2640 firmado por el gobernador Maximiliano Pullaro y los ministros Pablo Cococcioni (Justicia y Seguridad) y Pablo Olivares (Econom\u00eda).<\/p>\n<p>Este instrumento legal -esperado en la fuerza- dispone los ascensos para el a\u00f1o 2024 al personal policial que aprob\u00f3 la totalidad de las instancias del concurso establecido por el decreto N\u00ba 1220\/25 y convocado por resoluci\u00f3n del Ministerio de Justicia y Seguridad N\u00ba 1713.<\/p>\n<p>Los nuevos grados regir\u00e1n, con retroactividad, desde el 1\u00b0 de enero de 2024 y contemplan el pago retroactivo de diferencias salariales, definici\u00f3n que se conocer\u00e1 en las pr\u00f3ximas semanas.<\/p>\n<p>El decreto est\u00e1 acompa\u00f1ado por cuatro anexos que demandan m\u00e1s de 200 fojas donde est\u00e1n comprendidos no solo los ascensos sino tambi\u00e9n el personal que registra causas obstativas para ascender as\u00ed como aquellos otros que no cumplimentaros los requisitos exigidos en el concurso.<\/p>\n<p>En los considerandos del decreto se destaca que la Direcci\u00f3n General de Recursos Humanos del Ministerio de Justicia y Seguridad emiti\u00f3 el informe de su competencia y la Direcci\u00f3n General se expidi\u00f3 en cuanto al costo y financiamiento, propiciando una modificaci\u00f3n a la planta de cargos.\u00a0&#8220;En consecuencia, corresponde ordenar la promoci\u00f3n del personal involucrado en el Anexo &#8220;B&#8221; de la presente gesti\u00f3n, a partir del 1\u00ba de enero de 2024&#8243;.<\/p>\n<p>A\u00f1ade que Fiscal\u00eda de Estado ha manifestado que, para los casos de ascensos, es de aplicaci\u00f3n el criterio sostenido por la C\u00e1mara de lo Contencioso Administrativo N\u00ba 1, en los autos &#8220;Morello&#8221; e &#8220;Ib\u00e1\u00f1ez&#8221;, cuyos fallos establecieron l\u00edmites al reconocimiento del pago de diferencias salariales que inciden en el t\u00e9rmino final de reconocimiento &#8220;el que no podr\u00e1 excederse a m\u00e1s de dos a\u00f1os&#8221;.<\/p>\n<p>Siguiendo el criterio fijado por la C\u00e1mara, en el caso del personal de la Polic\u00eda de la Provincia, la fecha a partir de la cual se le reconocen las diferencias salariales es el 1\u00ba de octubre del a\u00f1o en el que se produce el ascenso, siempre que no sobrepase el l\u00edmite de dos a\u00f1os.<\/p>\n<p>Adem\u00e1s de los nuevos cuatro generales, el decreto asciende al grado de Director de Polic\u00eda a Ernesto Jos\u00e9 Gaudenzio, Cecilia Ester Bartolini, Octavio Pablo Dicosimo y Luis Alejandro Monz\u00f3n.<\/p>\n<p>Fuente: El Litoral<\/p>\n","protected":false},"excerpt":{"rendered":"<p>Cuatro oficiales alcanzaron el grado m\u00e1ximo de director general de polic\u00eda y otros cuatro de director. El mismo decreto suspende ascensos y aquellos que no cumplieron con el requisito para subir de categor\u00eda. Los oficiales alcanzaron la m\u00e1xima categor\u00eda, de acuerdo al decreto 2640 firmado por el gobernador Maximiliano Pullaro. Sergio Enrique Guzm\u00e1n, Rodolfo Antonio [&hellip;]<\/p>\n","protected":false},"author":3,"featured_media":67260,"comment_status":"closed","ping_status":"closed","sticky":false,"template":"","format":"standard","meta":{"_joinchat":[],"footnotes":""},"categories":[60],"tags":[],"class_list":{"0":"post-67259","1":"post","2":"type-post","3":"status-publish","4":"format-standard","5":"has-post-thumbnail","7":"category-provinciales"},"_links":{"self":[{"href":"https:\/\/infovera.com.ar\/web\/wp-json\/wp\/v2\/posts\/67259","targetHints":{"allow":["GET"]}}],"collection":[{"href":"https:\/\/infovera.com.ar\/web\/wp-json\/wp\/v2\/posts"}],"about":[{"href":"https:\/\/infovera.com.ar\/web\/wp-json\/wp\/v2\/types\/post"}],"author":[{"embeddable":true,"href":"https:\/\/infovera.com.ar\/web\/wp-json\/wp\/v2\/users\/3"}],"replies":[{"embeddable":true,"href":"https:\/\/infovera.com.ar\/web\/wp-json\/wp\/v2\/comments?post=67259"}],"version-history":[{"count":0,"href":"https:\/\/infovera.com.ar\/web\/wp-json\/wp\/v2\/posts\/67259\/revisions"}],"wp:featuredmedia":[{"embeddable":true,"href":"https:\/\/infovera.com.ar\/web\/wp-json\/wp\/v2\/media\/67260"}],"wp:attachment":[{"href":"https:\/\/infovera.com.ar\/web\/wp-json\/wp\/v2\/media?parent=67259"}],"wp:term":[{"taxonomy":"category","embeddable":true,"href":"https:\/\/infovera.com.ar\/web\/wp-json\/wp\/v2\/categories?post=67259"},{"taxonomy":"post_tag","embeddable":true,"href":"https:\/\/infovera.com.ar\/web\/wp-json\/wp\/v2\/tags?post=67259"}],"curies":[{"name":"wp","href":"https:\/\/api.w.org\/{rel}","templated":true}]}}