{"id":67253,"date":"2025-10-23T18:48:49","date_gmt":"2025-10-23T21:48:49","guid":{"rendered":"https:\/\/infovera.com.ar\/web\/?p=67253"},"modified":"2025-10-24T11:35:28","modified_gmt":"2025-10-24T14:35:28","slug":"vialidad-nacional-desoye-la-orden-de-la-justicia-federal-de-reparar-y-mantener-la-ruta-11","status":"publish","type":"post","link":"https:\/\/infovera.com.ar\/web\/2025\/10\/23\/vialidad-nacional-desoye-la-orden-de-la-justicia-federal-de-reparar-y-mantener-la-ruta-11\/","title":{"rendered":"Vialidad Nacional desoye la orden de la justicia federal de reparar y mantener la Ruta 11"},"content":{"rendered":"<p><strong>Desde hace semanas, dos tambores amarillos marcan la presencia de baches que ya hab\u00edan sido reparados al norte de Vera.<\/strong><\/p>\n<p>Dos barriles de 200 litros, pintados de amarillo y con angostos adhesivos reflectivos, fueron ubicados en la banquina para se\u00f1alizar dos pozos surgidos en la traza de la Ruta 11.<\/p>\n<p>La zona se produjeron estos baches enormes se ubica unos 10 kil\u00f3metros al norte de Vera, y es desde hace a\u00f1os ya un punto en el cual siempre vuelven a aparecer las hondonadas, m\u00e1s all\u00e1 de que Vialidad Nacional o alguna empresa adjudicataria ejecute las tareas de bacheo.<\/p>\n<p><strong>Los d\u00edas se suceden, las semanas pasan, y los baches siguen en su lugar, sin que Vialidad Nacional atine a repararlos de manera \u00f3ptima, desafiando la orden de la justicia federal de arreglar, mantener y se\u00f1alizar el tramo en cuesti\u00f3n.<\/strong><\/p>\n<p>El peligro para la vida de los usuarios es alt\u00edsimo, m\u00e1xime en horario nocturno. La falta de de delimitaciones horizontales de la calzada ayuda para que todo se vuelva una encerrona para todos aquellos que componen el fluido tr\u00e1nsito de una la las rutas del Mercosur.<\/p>\n<p>Los veh\u00edculos que transitan en la mano con sentido norte deben, obligadamente, tomar la mano contraria para sortear el tramo. Claro est\u00e1 que genera escalofr\u00edos el solo pensar en que alguno justo coincida con el paso de otro que venga de frente.<\/p>\n<p><strong>Fallo judicial<\/strong><\/p>\n<p>Las novedades negativas sobre la Ruta 11 no dejan de sucederse, muy a pesar del fallo vigente del Juzgado Federal de Reconquista, que ante una acci\u00f3n de amparo presentada por el diputado provincial Dionisio Scarpin -en octubre de 2024-\u00a0 por el lamentable estado que presentaba la arteria nacional, orden\u00f3 que el organismo vial nacional se ocupara de mejorar las condiciones de transitabilidad.<\/p>\n<p>VN se notific\u00f3 del decisorio del juez federal Aldo Alurralde, pero no avanz\u00f3 con las obras requeridas. Eso le vali\u00f3 que el magistrado la intimara para que informe los motivos por los cuales no se encontraban realizadas las reparaciones de la Ruta Nacional 11 en el norte de la provincia de Santa Fe.<\/p>\n<p>La repartici\u00f3n nacional tom\u00f3 nota del emplazamiento judicial y llev\u00f3 adelante los trabajos requeridos, que a la luz de la realidad imperante no estar\u00edan dando los resultados esperados.<\/p>\n","protected":false},"excerpt":{"rendered":"<p>Desde hace semanas, dos tambores amarillos marcan la presencia de baches que ya hab\u00edan sido reparados al norte de Vera. Dos barriles de 200 litros, pintados de amarillo y con angostos adhesivos reflectivos, fueron ubicados en la banquina para se\u00f1alizar dos pozos surgidos en la traza de la Ruta 11. La zona se produjeron estos [&hellip;]<\/p>\n","protected":false},"author":3,"featured_media":67254,"comment_status":"closed","ping_status":"closed","sticky":false,"template":"","format":"standard","meta":{"_joinchat":[],"footnotes":""},"categories":[53],"tags":[],"class_list":{"0":"post-67253","1":"post","2":"type-post","3":"status-publish","4":"format-standard","5":"has-post-thumbnail","7":"category-vera"},"_links":{"self":[{"href":"https:\/\/infovera.com.ar\/web\/wp-json\/wp\/v2\/posts\/67253","targetHints":{"allow":["GET"]}}],"collection":[{"href":"https:\/\/infovera.com.ar\/web\/wp-json\/wp\/v2\/posts"}],"about":[{"href":"https:\/\/infovera.com.ar\/web\/wp-json\/wp\/v2\/types\/post"}],"author":[{"embeddable":true,"href":"https:\/\/infovera.com.ar\/web\/wp-json\/wp\/v2\/users\/3"}],"replies":[{"embeddable":true,"href":"https:\/\/infovera.com.ar\/web\/wp-json\/wp\/v2\/comments?post=67253"}],"version-history":[{"count":0,"href":"https:\/\/infovera.com.ar\/web\/wp-json\/wp\/v2\/posts\/67253\/revisions"}],"wp:featuredmedia":[{"embeddable":true,"href":"https:\/\/infovera.com.ar\/web\/wp-json\/wp\/v2\/media\/67254"}],"wp:attachment":[{"href":"https:\/\/infovera.com.ar\/web\/wp-json\/wp\/v2\/media?parent=67253"}],"wp:term":[{"taxonomy":"category","embeddable":true,"href":"https:\/\/infovera.com.ar\/web\/wp-json\/wp\/v2\/categories?post=67253"},{"taxonomy":"post_tag","embeddable":true,"href":"https:\/\/infovera.com.ar\/web\/wp-json\/wp\/v2\/tags?post=67253"}],"curies":[{"name":"wp","href":"https:\/\/api.w.org\/{rel}","templated":true}]}}