{"id":67249,"date":"2025-10-23T17:30:52","date_gmt":"2025-10-23T20:30:52","guid":{"rendered":"https:\/\/infovera.com.ar\/web\/?p=67249"},"modified":"2025-10-24T10:50:45","modified_gmt":"2025-10-24T13:50:45","slug":"garabato-la-comuna-aclaro-la-situacion-del-tercer-medico-para-el-hospital","status":"publish","type":"post","link":"https:\/\/infovera.com.ar\/web\/2025\/10\/23\/garabato-la-comuna-aclaro-la-situacion-del-tercer-medico-para-el-hospital\/","title":{"rendered":"Garabato: la Comuna aclar\u00f3 la situaci\u00f3n del &#8220;tercer m\u00e9dico&#8221; para el Hospital"},"content":{"rendered":"<p><strong>La gesti\u00f3n comunal de Luis Mu\u00f1oz puso claros sobre oscuros sobre las gestiones para el nosocomio local cuente con un m\u00e9dico m\u00e1s.<\/strong><\/p>\n<p>En ese sentido, la Comuna record\u00f3 que elev\u00f3 una nota al \u00c1rea de Salud el d\u00eda 29 de enero de 2024, solicitando la designaci\u00f3n de un tercer m\u00e9dico para el Hospital.<\/p>\n<p>En dicha oportunidad, &#8220;se plante\u00f3 la problem\u00e1tica existente, cuando alguno de los m\u00e9dicos de planta (la Dra. Silvia y\/o el Dr. Alberto) hace uso de su Licencia Anual Ordinaria, el Hospital queda sin reemplazo, lo que genera una situaci\u00f3n de falta de cobertura m\u00e9dica&#8221; y el consecuente reclamo de los vecinos, absolutamente justificado, asever\u00f3.<\/p>\n<p>Posteriormente, durante una reuni\u00f3n mantenida con las autoridades sanitarias, &#8220;se nos inform\u00f3 de manera verbal que la incorporaci\u00f3n de un nuevo profesional m\u00e9dico estaba prevista para el a\u00f1o 2025, por razones presupuestarias del momento&#8221;, agreg\u00f3.<\/p>\n<p>Pero, dado que &#8220;esta incorporaci\u00f3n a\u00fan no se ha concretado, lamentablemente continuamos con la misma situaci\u00f3n, hasta tanto el Ministerio de Salud disponga el nombramiento de un tercer m\u00e9dico&#8221;, lamentaron desde la Comuna norte\u00f1a.<br \/>\n<a href=\"https:\/\/infovera.com.ar\/web\/wp-content\/uploads\/2025\/10\/cuna.png\"><img loading=\"lazy\" decoding=\"async\" class=\"alignleft size-full wp-image-67250\" src=\"https:\/\/infovera.com.ar\/web\/wp-content\/uploads\/2025\/10\/cuna.png\" alt=\"\" width=\"783\" height=\"634\" srcset=\"https:\/\/infovera.com.ar\/web\/wp-content\/uploads\/2025\/10\/cuna.png 783w, https:\/\/infovera.com.ar\/web\/wp-content\/uploads\/2025\/10\/cuna-519x420.png 519w, https:\/\/infovera.com.ar\/web\/wp-content\/uploads\/2025\/10\/cuna-696x564.png 696w\" sizes=\"auto, (max-width: 783px) 100vw, 783px\" \/><\/a><\/p>\n","protected":false},"excerpt":{"rendered":"<p>La gesti\u00f3n comunal de Luis Mu\u00f1oz puso claros sobre oscuros sobre las gestiones para el nosocomio local cuente con un m\u00e9dico m\u00e1s. En ese sentido, la Comuna record\u00f3 que elev\u00f3 una nota al \u00c1rea de Salud el d\u00eda 29 de enero de 2024, solicitando la designaci\u00f3n de un tercer m\u00e9dico para el Hospital. En dicha [&hellip;]<\/p>\n","protected":false},"author":3,"featured_media":67251,"comment_status":"closed","ping_status":"closed","sticky":false,"template":"","format":"standard","meta":{"_joinchat":[],"footnotes":""},"categories":[61,37],"tags":[],"class_list":{"0":"post-67249","1":"post","2":"type-post","3":"status-publish","4":"format-standard","5":"has-post-thumbnail","7":"category-regionales","8":"category-salud"},"_links":{"self":[{"href":"https:\/\/infovera.com.ar\/web\/wp-json\/wp\/v2\/posts\/67249","targetHints":{"allow":["GET"]}}],"collection":[{"href":"https:\/\/infovera.com.ar\/web\/wp-json\/wp\/v2\/posts"}],"about":[{"href":"https:\/\/infovera.com.ar\/web\/wp-json\/wp\/v2\/types\/post"}],"author":[{"embeddable":true,"href":"https:\/\/infovera.com.ar\/web\/wp-json\/wp\/v2\/users\/3"}],"replies":[{"embeddable":true,"href":"https:\/\/infovera.com.ar\/web\/wp-json\/wp\/v2\/comments?post=67249"}],"version-history":[{"count":0,"href":"https:\/\/infovera.com.ar\/web\/wp-json\/wp\/v2\/posts\/67249\/revisions"}],"wp:featuredmedia":[{"embeddable":true,"href":"https:\/\/infovera.com.ar\/web\/wp-json\/wp\/v2\/media\/67251"}],"wp:attachment":[{"href":"https:\/\/infovera.com.ar\/web\/wp-json\/wp\/v2\/media?parent=67249"}],"wp:term":[{"taxonomy":"category","embeddable":true,"href":"https:\/\/infovera.com.ar\/web\/wp-json\/wp\/v2\/categories?post=67249"},{"taxonomy":"post_tag","embeddable":true,"href":"https:\/\/infovera.com.ar\/web\/wp-json\/wp\/v2\/tags?post=67249"}],"curies":[{"name":"wp","href":"https:\/\/api.w.org\/{rel}","templated":true}]}}