{"id":67244,"date":"2025-10-23T13:54:23","date_gmt":"2025-10-23T16:54:23","guid":{"rendered":"https:\/\/infovera.com.ar\/web\/?p=67244"},"modified":"2025-10-24T10:22:41","modified_gmt":"2025-10-24T13:22:41","slug":"doble-homicidio-autorizan-la-apertura-de-celulares-de-hernan-imhoof-y-de-dos-testigos","status":"publish","type":"post","link":"https:\/\/infovera.com.ar\/web\/2025\/10\/23\/doble-homicidio-autorizan-la-apertura-de-celulares-de-hernan-imhoof-y-de-dos-testigos\/","title":{"rendered":"Doble homicidio: autorizan la apertura de celulares de Hern\u00e1n Imhoof y de dos testigos"},"content":{"rendered":"<p>En una audiencia presidida por el juez Gonzalo Basualdo, el fiscal Sebassti\u00e1n Galeano donde solicit\u00f3 la apertura de celulares secuestrados a Hern\u00e1n Imhoff -acusado de los cr\u00edmenes de Carol Mora y Mart\u00edn Blanco ocurridos en Reconquista-, y\u00a0 los testigos Mirta Paduan y Juan Pablo Dellarosa.<\/p>\n<p>El juez Basualdo autoriz\u00f3 las pericias y adem\u00e1s autoriz\u00f3 la pr\u00f3rroga de ma detenci\u00f3n del doble homicida.<\/p>\n<p>La audiencia se va a realizar el pr\u00f3ximo martes 7.<\/p>\n","protected":false},"excerpt":{"rendered":"<p>En una audiencia presidida por el juez Gonzalo Basualdo, el fiscal Sebassti\u00e1n Galeano donde solicit\u00f3 la apertura de celulares secuestrados a Hern\u00e1n Imhoff -acusado de los cr\u00edmenes de Carol Mora y Mart\u00edn Blanco ocurridos en Reconquista-, y\u00a0 los testigos Mirta Paduan y Juan Pablo Dellarosa. El juez Basualdo autoriz\u00f3 las pericias y adem\u00e1s autoriz\u00f3 la [&hellip;]<\/p>\n","protected":false},"author":3,"featured_media":67245,"comment_status":"closed","ping_status":"closed","sticky":false,"template":"","format":"standard","meta":{"_joinchat":[],"footnotes":""},"categories":[30,61],"tags":[],"class_list":{"0":"post-67244","1":"post","2":"type-post","3":"status-publish","4":"format-standard","5":"has-post-thumbnail","7":"category-policiales","8":"category-regionales"},"_links":{"self":[{"href":"https:\/\/infovera.com.ar\/web\/wp-json\/wp\/v2\/posts\/67244","targetHints":{"allow":["GET"]}}],"collection":[{"href":"https:\/\/infovera.com.ar\/web\/wp-json\/wp\/v2\/posts"}],"about":[{"href":"https:\/\/infovera.com.ar\/web\/wp-json\/wp\/v2\/types\/post"}],"author":[{"embeddable":true,"href":"https:\/\/infovera.com.ar\/web\/wp-json\/wp\/v2\/users\/3"}],"replies":[{"embeddable":true,"href":"https:\/\/infovera.com.ar\/web\/wp-json\/wp\/v2\/comments?post=67244"}],"version-history":[{"count":0,"href":"https:\/\/infovera.com.ar\/web\/wp-json\/wp\/v2\/posts\/67244\/revisions"}],"wp:featuredmedia":[{"embeddable":true,"href":"https:\/\/infovera.com.ar\/web\/wp-json\/wp\/v2\/media\/67245"}],"wp:attachment":[{"href":"https:\/\/infovera.com.ar\/web\/wp-json\/wp\/v2\/media?parent=67244"}],"wp:term":[{"taxonomy":"category","embeddable":true,"href":"https:\/\/infovera.com.ar\/web\/wp-json\/wp\/v2\/categories?post=67244"},{"taxonomy":"post_tag","embeddable":true,"href":"https:\/\/infovera.com.ar\/web\/wp-json\/wp\/v2\/tags?post=67244"}],"curies":[{"name":"wp","href":"https:\/\/api.w.org\/{rel}","templated":true}]}}