{"id":67240,"date":"2025-10-23T07:50:34","date_gmt":"2025-10-23T10:50:34","guid":{"rendered":"https:\/\/infovera.com.ar\/web\/?p=67240"},"modified":"2025-10-23T07:50:34","modified_gmt":"2025-10-23T10:50:34","slug":"biodiversidad-en-2025-provincia-ya-libero-460-animales-silvestres-en-sus-habitats-naturales","status":"publish","type":"post","link":"https:\/\/infovera.com.ar\/web\/2025\/10\/23\/biodiversidad-en-2025-provincia-ya-libero-460-animales-silvestres-en-sus-habitats-naturales\/","title":{"rendered":"Biodiversidad: en 2025, Provincia ya liber\u00f3 460 animales silvestres en sus h\u00e1bitats naturales"},"content":{"rendered":"<p><strong>Del total, 392 fueron aves, 61 mam\u00edferos y 7 reptiles. En todos los casos, fueron recuperados de situaciones de mascotismo, tr\u00e1fico ilegal o tenencia indebida. Tras los cuidados pertinentes, fueron reinsertados en sus h\u00e1bitats de forma segura. \u201cEsto refleja el compromiso de la gesti\u00f3n del gobernador Pullaro y de la vicegobernadora Scaglia con la biodiversidad\u201d, subray\u00f3 el ministro santafesino de Ambiente y Cambio Clim\u00e1tico, Enrique Est\u00e9vez.<\/strong><\/p>\n<p>Durante los primeros 10 meses del a\u00f1o, el Ministerio de Ambiente y Cambio Clim\u00e1tico de la Provincia de Santa Fe concret\u00f3 la liberaci\u00f3n de 460 animales silvestres en sus h\u00e1bitats naturales. \u201cSe trata de una acci\u00f3n program\u00e1tica vinculada a una estrategia provincial sostenida de rescate, rehabilitaci\u00f3n y reinserci\u00f3n de fauna\u201d, remarc\u00f3 el ministro Enrique Est\u00e9vez para completar que \u201crefleja el compromiso de la gesti\u00f3n del gobernador Maximiliano Pullaro y de la vicegobernadora Gisela Scaglia con la defensa y preservaci\u00f3n de la biodiversidad santafesina\u201d.<\/p>\n<p>Cabe se\u00f1alar que esta tarea es ejecutada principalmente desde el Centro de Rescate, Investigaci\u00f3n e Interpretaci\u00f3n de Fauna Silvestre \u201cLa Esmeralda\u201d, con el acompa\u00f1amiento de actores territoriales e instituciones cient\u00edficas. As\u00ed, del total de ejemplares liberados entre enero y octubre de este a\u00f1o, 392 fueron aves, 61 mam\u00edferos y 7 reptiles, todos recuperados de situaciones de mascotismo, tr\u00e1fico ilegal o tenencia indebida, que son rescatados por la Direcci\u00f3n de Manejo Sustentable de Fauna de la provincia en colaboraci\u00f3n con la Guardia Rural de la Polic\u00eda de Santa Fe.<\/p>\n<p>En la mayor\u00eda de los casos, los animales ingresan tras una denuncia, una denuncia, pasan por una revisi\u00f3n veterinaria inicial, y atraviesan un proceso de cuarentena, recuperaci\u00f3n y evaluaci\u00f3n etol\u00f3gica, hasta que se define su reintroducci\u00f3n a ambientes naturales apropiados.<\/p>\n<p>Al respecto, Est\u00e9vez subray\u00f3 que \u201cla biodiversidad no es un concepto abstracto: es parte del entramado que sostiene la vida en nuestros territorios. Estos n\u00fameros representan que como sociedad podemos revertir da\u00f1os y proteger nuestra biodiversidad\u201d.<\/p>\n<p><strong>Rescate emblem\u00e1tico: aguar\u00e1 guaz\u00fa<\/strong><\/p>\n<p>Uno de los hitos recientes de esta pol\u00edtica de conservaci\u00f3n activa impulsada por el gobierno de Maximiliano Pullaro y Gisela Scaglia fue el rescate y liberaci\u00f3n de un aguar\u00e1 guaz\u00fa juvenil, hallado en la ciudad de Coronda. Tras recibir atenci\u00f3n veterinaria especializada en el Centro de Rescate La Esmeralda, el ejemplar fue reinsertado en la Reserva Natural \u201cEl Fisco\u201d, en el departamento San Crist\u00f3bal.<\/p>\n<p>El operativo incluy\u00f3 la colocaci\u00f3n de un collar de telemetr\u00eda, que permitir\u00e1 monitorear sus desplazamientos y generar informaci\u00f3n clave para la protecci\u00f3n de esta especie, que se encuentra declarada Monumento Natural por la Ley Provincial N.\u00ba 12.182.<\/p>\n<p>\u201cLa recuperaci\u00f3n y liberaci\u00f3n de este aguar\u00e1 guaz\u00fa refleja el camino que estamos transitando: construir un modelo de conservaci\u00f3n activa, con ciencia, compromiso ambiental y respeto por la biodiversidad\u201d, expres\u00f3 Est\u00e9vez<\/p>\n<p><strong>Reinsertar para conservar<\/strong><\/p>\n<p>Las liberaciones se realizan en reservas naturales, \u00e1reas protegidas y territorios con condiciones ambientales \u00f3ptimas para cada especie. Durante el mes de mayo, por ejemplo, se concret\u00f3 la cifra m\u00e1s alta de liberaciones del a\u00f1o, con 221 animales reinsertados, en su mayor\u00eda aves canoras recuperadas del comercio ilegal.<\/p>\n<p>Tambi\u00e9n se destacan intervenciones con mam\u00edferos como carpinchos, comadrejas, coat\u00edes y monos caray\u00e1, muchos de los cuales ingresaron al centro en el marco de convenios interprovinciales y operativos conjuntos.<\/p>\n<p>Desde el Ministerio recuerdan que ante cualquier caso de tenencia ilegal de fauna silvestre o situaciones de mascotismo, las denuncias deben realizarse al 911, canal que permite activar el protocolo de intervenci\u00f3n con las fuerzas de seguridad y equipos t\u00e9cnicos.<\/p>\n<p><strong>Transformaci\u00f3n de La Esmeralda<\/strong><\/p>\n<p>El Centro de Rescate, Investigaci\u00f3n e Interpretaci\u00f3n de la Fauna \u201cLa Esmeralda\u201d (Criif), en la ciudad de Santa Fe, se encuentra atravesando un proceso de transformaci\u00f3n institucional profundo. El objetivo es consolidarlo como un espacio p\u00fablico dedicado a la atenci\u00f3n, recuperaci\u00f3n y rehabilitaci\u00f3n de fauna silvestre, a la generaci\u00f3n de conocimiento cient\u00edfico y a la educaci\u00f3n ambiental. Actualmente, ya se est\u00e1n ejecutando distintas l\u00edneas de trabajo que permiten avanzar en ese sentido: desde la atenci\u00f3n veterinaria especializada y la reinserci\u00f3n de ejemplares en su h\u00e1bitat natural, hasta la articulaci\u00f3n con universidades, otros centros de fauna y gobiernos locales para desarrollar estrategias de conservaci\u00f3n de largo plazo.<\/p>\n<p>Este proceso representa un cambio de paradigma respecto del rol que hist\u00f3ricamente tuvo el predio, conocido como \u201cGranja La Esmeralda\u201d. Funcion\u00f3 durante d\u00e9cadas como una estaci\u00f3n zool\u00f3gica que albergaba animales dom\u00e9sticos y silvestres con un enfoque principalmente recreativo, Hoy, esa etapa est\u00e1 siendo superada. La Esmeralda se proyecta como un centro moderno, que articula ciencia, tecnolog\u00eda y compromiso ambiental para posicionarse como un actor clave en la conservaci\u00f3n de la biodiversidad santafesina.<\/p>\n","protected":false},"excerpt":{"rendered":"<p>Del total, 392 fueron aves, 61 mam\u00edferos y 7 reptiles. En todos los casos, fueron recuperados de situaciones de mascotismo, tr\u00e1fico ilegal o tenencia indebida. Tras los cuidados pertinentes, fueron reinsertados en sus h\u00e1bitats de forma segura. \u201cEsto refleja el compromiso de la gesti\u00f3n del gobernador Pullaro y de la vicegobernadora Scaglia con la biodiversidad\u201d, [&hellip;]<\/p>\n","protected":false},"author":3,"featured_media":67241,"comment_status":"closed","ping_status":"closed","sticky":false,"template":"","format":"standard","meta":{"_joinchat":[],"footnotes":""},"categories":[60],"tags":[],"class_list":{"0":"post-67240","1":"post","2":"type-post","3":"status-publish","4":"format-standard","5":"has-post-thumbnail","7":"category-provinciales"},"_links":{"self":[{"href":"https:\/\/infovera.com.ar\/web\/wp-json\/wp\/v2\/posts\/67240","targetHints":{"allow":["GET"]}}],"collection":[{"href":"https:\/\/infovera.com.ar\/web\/wp-json\/wp\/v2\/posts"}],"about":[{"href":"https:\/\/infovera.com.ar\/web\/wp-json\/wp\/v2\/types\/post"}],"author":[{"embeddable":true,"href":"https:\/\/infovera.com.ar\/web\/wp-json\/wp\/v2\/users\/3"}],"replies":[{"embeddable":true,"href":"https:\/\/infovera.com.ar\/web\/wp-json\/wp\/v2\/comments?post=67240"}],"version-history":[{"count":0,"href":"https:\/\/infovera.com.ar\/web\/wp-json\/wp\/v2\/posts\/67240\/revisions"}],"wp:featuredmedia":[{"embeddable":true,"href":"https:\/\/infovera.com.ar\/web\/wp-json\/wp\/v2\/media\/67241"}],"wp:attachment":[{"href":"https:\/\/infovera.com.ar\/web\/wp-json\/wp\/v2\/media?parent=67240"}],"wp:term":[{"taxonomy":"category","embeddable":true,"href":"https:\/\/infovera.com.ar\/web\/wp-json\/wp\/v2\/categories?post=67240"},{"taxonomy":"post_tag","embeddable":true,"href":"https:\/\/infovera.com.ar\/web\/wp-json\/wp\/v2\/tags?post=67240"}],"curies":[{"name":"wp","href":"https:\/\/api.w.org\/{rel}","templated":true}]}}