{"id":67237,"date":"2025-10-23T07:47:38","date_gmt":"2025-10-23T10:47:38","guid":{"rendered":"https:\/\/infovera.com.ar\/web\/?p=67237"},"modified":"2025-10-23T07:47:38","modified_gmt":"2025-10-23T10:47:38","slug":"marcha-por-la-emergencia-nacional-en-discapacidad-en-vera","status":"publish","type":"post","link":"https:\/\/infovera.com.ar\/web\/2025\/10\/23\/marcha-por-la-emergencia-nacional-en-discapacidad-en-vera\/","title":{"rendered":"Marcha por la emergencia nacional en discapacidad en Vera"},"content":{"rendered":"<p><strong>En el marco de la jornada de lucha por la emergencia nacional y provincial de discapacidad, profesionales y afectados se manifestaron por el centro de la ciudad porque &#8220;detr\u00e1s de cada prestaci\u00f3n hay una persona que necesita atenci\u00f3n&#8221;.<\/strong><\/p>\n<p>Fue una jornada de paro y concentraci\u00f3n que tuvo lugar el 22 de octubre de 2025 en diversas ciudades del pa\u00eds. La movilizaci\u00f3n se realiz\u00f3 en repudio al veto presidencial de la Ley 27.793, que declaraba la emergencia nacional en discapacidad hasta diciembre de 2026.<\/p>\n","protected":false},"excerpt":{"rendered":"<p>En el marco de la jornada de lucha por la emergencia nacional y provincial de discapacidad, profesionales y afectados se manifestaron por el centro de la ciudad porque &#8220;detr\u00e1s de cada prestaci\u00f3n hay una persona que necesita atenci\u00f3n&#8221;. Fue una jornada de paro y concentraci\u00f3n que tuvo lugar el 22 de octubre de 2025 en [&hellip;]<\/p>\n","protected":false},"author":3,"featured_media":67238,"comment_status":"closed","ping_status":"closed","sticky":false,"template":"","format":"standard","meta":{"_joinchat":[],"footnotes":""},"categories":[37,53],"tags":[],"class_list":{"0":"post-67237","1":"post","2":"type-post","3":"status-publish","4":"format-standard","5":"has-post-thumbnail","7":"category-salud","8":"category-vera"},"_links":{"self":[{"href":"https:\/\/infovera.com.ar\/web\/wp-json\/wp\/v2\/posts\/67237","targetHints":{"allow":["GET"]}}],"collection":[{"href":"https:\/\/infovera.com.ar\/web\/wp-json\/wp\/v2\/posts"}],"about":[{"href":"https:\/\/infovera.com.ar\/web\/wp-json\/wp\/v2\/types\/post"}],"author":[{"embeddable":true,"href":"https:\/\/infovera.com.ar\/web\/wp-json\/wp\/v2\/users\/3"}],"replies":[{"embeddable":true,"href":"https:\/\/infovera.com.ar\/web\/wp-json\/wp\/v2\/comments?post=67237"}],"version-history":[{"count":0,"href":"https:\/\/infovera.com.ar\/web\/wp-json\/wp\/v2\/posts\/67237\/revisions"}],"wp:featuredmedia":[{"embeddable":true,"href":"https:\/\/infovera.com.ar\/web\/wp-json\/wp\/v2\/media\/67238"}],"wp:attachment":[{"href":"https:\/\/infovera.com.ar\/web\/wp-json\/wp\/v2\/media?parent=67237"}],"wp:term":[{"taxonomy":"category","embeddable":true,"href":"https:\/\/infovera.com.ar\/web\/wp-json\/wp\/v2\/categories?post=67237"},{"taxonomy":"post_tag","embeddable":true,"href":"https:\/\/infovera.com.ar\/web\/wp-json\/wp\/v2\/tags?post=67237"}],"curies":[{"name":"wp","href":"https:\/\/api.w.org\/{rel}","templated":true}]}}