{"id":67231,"date":"2025-10-23T07:27:36","date_gmt":"2025-10-23T10:27:36","guid":{"rendered":"https:\/\/infovera.com.ar\/web\/?p=67231"},"modified":"2025-10-24T10:21:37","modified_gmt":"2025-10-24T13:21:37","slug":"souilhe-dijo-que-pedira-la-detencion-del-profesor-denunciado-por-manosear-a-alumnos","status":"publish","type":"post","link":"https:\/\/infovera.com.ar\/web\/2025\/10\/23\/souilhe-dijo-que-pedira-la-detencion-del-profesor-denunciado-por-manosear-a-alumnos\/","title":{"rendered":"Souilh\u00e9 dijo que pedir\u00e1 la detenci\u00f3n del profesor denunciado por manosear a alumnos"},"content":{"rendered":"<p><strong>El concejal verense asegur\u00f3 que solicitar\u00e1 &#8220;la inmediata detenci\u00f3n del docente que fuera denunciado en un establecimiento educativo de nuestra ciudad&#8221;.<\/strong><\/p>\n<p>Fue luego de una reuni\u00f3n en el Concejo, junto al concejal Luis Fabbri, con los padres de los alumnos que supuestamente sufrieron actitudes abusivas.<\/p>\n<p>&#8220;No basta con la r\u00e1pida reacci\u00f3n de las autoridades escolares que lo separaron del cargo e hicieron la denuncia correspondiente. Voy a solicitar una audiencia urgente con la fiscal del caso, para que esta persona (que fue reubicado en otro establecimiento), sea privado de su libertad para que no entorpezca la investigaci\u00f3n y para resguardar la integridad f\u00edsica de alumnos y familiares&#8221;.<\/p>\n<p>&#8220;Vamos a solicitar adem\u00e1s a la Secretar\u00eda de la Ni\u00f1ez la inmediata atenci\u00f3n psicol\u00f3gica para la alumnos que est\u00e1n afectados por las conductas indecentes del docente, que arrastra antecedentes similares en otra escuela y que adem\u00e1s acosaba telef\u00f3nicamente a propias colegas y tambi\u00e9n a madres de los alumnos&#8221;, sostuvo.<\/p>\n<p>&#8220;Con los chicos no, esta no la vamos a dejar pasar&#8221;, concluy\u00f3, con relaci\u00f3n a los hechos ocurridos en la Escuela &#8220;San Jos\u00e9 de Calanzans&#8221;.<\/p>\n","protected":false},"excerpt":{"rendered":"<p>El concejal verense asegur\u00f3 que solicitar\u00e1 &#8220;la inmediata detenci\u00f3n del docente que fuera denunciado en un establecimiento educativo de nuestra ciudad&#8221;. Fue luego de una reuni\u00f3n en el Concejo, junto al concejal Luis Fabbri, con los padres de los alumnos que supuestamente sufrieron actitudes abusivas. &#8220;No basta con la r\u00e1pida reacci\u00f3n de las autoridades escolares [&hellip;]<\/p>\n","protected":false},"author":3,"featured_media":67232,"comment_status":"closed","ping_status":"closed","sticky":false,"template":"","format":"standard","meta":{"_joinchat":[],"footnotes":""},"categories":[53],"tags":[],"class_list":{"0":"post-67231","1":"post","2":"type-post","3":"status-publish","4":"format-standard","5":"has-post-thumbnail","7":"category-vera"},"_links":{"self":[{"href":"https:\/\/infovera.com.ar\/web\/wp-json\/wp\/v2\/posts\/67231","targetHints":{"allow":["GET"]}}],"collection":[{"href":"https:\/\/infovera.com.ar\/web\/wp-json\/wp\/v2\/posts"}],"about":[{"href":"https:\/\/infovera.com.ar\/web\/wp-json\/wp\/v2\/types\/post"}],"author":[{"embeddable":true,"href":"https:\/\/infovera.com.ar\/web\/wp-json\/wp\/v2\/users\/3"}],"replies":[{"embeddable":true,"href":"https:\/\/infovera.com.ar\/web\/wp-json\/wp\/v2\/comments?post=67231"}],"version-history":[{"count":0,"href":"https:\/\/infovera.com.ar\/web\/wp-json\/wp\/v2\/posts\/67231\/revisions"}],"wp:featuredmedia":[{"embeddable":true,"href":"https:\/\/infovera.com.ar\/web\/wp-json\/wp\/v2\/media\/67232"}],"wp:attachment":[{"href":"https:\/\/infovera.com.ar\/web\/wp-json\/wp\/v2\/media?parent=67231"}],"wp:term":[{"taxonomy":"category","embeddable":true,"href":"https:\/\/infovera.com.ar\/web\/wp-json\/wp\/v2\/categories?post=67231"},{"taxonomy":"post_tag","embeddable":true,"href":"https:\/\/infovera.com.ar\/web\/wp-json\/wp\/v2\/tags?post=67231"}],"curies":[{"name":"wp","href":"https:\/\/api.w.org\/{rel}","templated":true}]}}