{"id":67185,"date":"2025-09-21T19:40:17","date_gmt":"2025-09-21T22:40:17","guid":{"rendered":"https:\/\/infovera.com.ar\/web\/?p=67185"},"modified":"2025-10-21T10:44:50","modified_gmt":"2025-10-21T13:44:50","slug":"charla-gratuita-introduccion-a-la-inteligencia-artificial-para-empleados-de-comercio","status":"publish","type":"post","link":"https:\/\/infovera.com.ar\/web\/2025\/09\/21\/charla-gratuita-introduccion-a-la-inteligencia-artificial-para-empleados-de-comercio\/","title":{"rendered":"Charla gratuita: Introducci\u00f3n a la Inteligencia Artificial para Empleados de Comercio"},"content":{"rendered":"<p>\ud83d\udcc5 Lunes 20 de octubre &#8211; 21 hs<br \/>\n\ud83d\udccd Centro de Empleados de Comercio de Avellaneda (Calle 13 N\u00b0 352)<br \/>\n\ud83d\udc68\u200d\ud83d\udcbb A cargo de Mat\u00edas Tofful, Desarrollador Senior de Software.<\/p>\n<p>Una capacitaci\u00f3n pensada para empleados de comercio, sus familias y el p\u00fablico en general:<\/p>\n<p>\ud83d\udc49 Qu\u00e9 es la IA y c\u00f3mo usarla en el trabajo diario.<br \/>\n\ud83d\udc49 Herramientas como ChatGPT y otras aplicaciones pr\u00e1cticas.<br \/>\n\ud83d\udc49 C\u00f3mo la IA puede ayudarte a mejorar la atenci\u00f3n al cliente y tu desarrollo profesional.<\/p>\n<p>Modalidad presencial y virtual<br \/>\n\ud83d\udcac Inscripci\u00f3n gratuita y cupos limitados<br \/>\nComplet\u00e1 el formulario \ud83d\udc49 <span style=\"color: #ff0000;\"><strong><a style=\"color: #ff0000;\" href=\"https:\/\/forms.gle\/LHUF6JnxFTWMoe4M9\">https:\/\/forms.gle\/LHUF6JnxFTWMoe4M9<\/a><\/strong><\/span><\/p>\n<p><strong>Organizan:<\/strong><br \/>\nCentro de Empleados de Comercio de Avellaneda<br \/>\nDiputado Provincial Dionisio Scarpin<\/p>\n","protected":false},"excerpt":{"rendered":"<p>\ud83d\udcc5 Lunes 20 de octubre &#8211; 21 hs \ud83d\udccd Centro de Empleados de Comercio de Avellaneda (Calle 13 N\u00b0 352) \ud83d\udc68\u200d\ud83d\udcbb A cargo de Mat\u00edas Tofful, Desarrollador Senior de Software. Una capacitaci\u00f3n pensada para empleados de comercio, sus familias y el p\u00fablico en general: \ud83d\udc49 Qu\u00e9 es la IA y c\u00f3mo usarla en el trabajo [&hellip;]<\/p>\n","protected":false},"author":3,"featured_media":67186,"comment_status":"closed","ping_status":"closed","sticky":false,"template":"","format":"standard","meta":{"_joinchat":[],"footnotes":""},"categories":[56],"tags":[],"class_list":{"0":"post-67185","1":"post","2":"type-post","3":"status-publish","4":"format-standard","5":"has-post-thumbnail","7":"category-destacados"},"_links":{"self":[{"href":"https:\/\/infovera.com.ar\/web\/wp-json\/wp\/v2\/posts\/67185","targetHints":{"allow":["GET"]}}],"collection":[{"href":"https:\/\/infovera.com.ar\/web\/wp-json\/wp\/v2\/posts"}],"about":[{"href":"https:\/\/infovera.com.ar\/web\/wp-json\/wp\/v2\/types\/post"}],"author":[{"embeddable":true,"href":"https:\/\/infovera.com.ar\/web\/wp-json\/wp\/v2\/users\/3"}],"replies":[{"embeddable":true,"href":"https:\/\/infovera.com.ar\/web\/wp-json\/wp\/v2\/comments?post=67185"}],"version-history":[{"count":0,"href":"https:\/\/infovera.com.ar\/web\/wp-json\/wp\/v2\/posts\/67185\/revisions"}],"wp:featuredmedia":[{"embeddable":true,"href":"https:\/\/infovera.com.ar\/web\/wp-json\/wp\/v2\/media\/67186"}],"wp:attachment":[{"href":"https:\/\/infovera.com.ar\/web\/wp-json\/wp\/v2\/media?parent=67185"}],"wp:term":[{"taxonomy":"category","embeddable":true,"href":"https:\/\/infovera.com.ar\/web\/wp-json\/wp\/v2\/categories?post=67185"},{"taxonomy":"post_tag","embeddable":true,"href":"https:\/\/infovera.com.ar\/web\/wp-json\/wp\/v2\/tags?post=67185"}],"curies":[{"name":"wp","href":"https:\/\/api.w.org\/{rel}","templated":true}]}}