{"id":67088,"date":"2025-10-17T09:53:54","date_gmt":"2025-10-17T12:53:54","guid":{"rendered":"https:\/\/infovera.com.ar\/web\/?p=67088"},"modified":"2025-10-18T14:36:16","modified_gmt":"2025-10-18T17:36:16","slug":"el-concejo-rechazo-el-veto-de-cuello-y-dejo-firme-el-libro-de-oposicion-a-obras","status":"publish","type":"post","link":"https:\/\/infovera.com.ar\/web\/2025\/10\/17\/el-concejo-rechazo-el-veto-de-cuello-y-dejo-firme-el-libro-de-oposicion-a-obras\/","title":{"rendered":"El Concejo rechaz\u00f3 el veto de Cuello y dej\u00f3 firme el Libro de Oposici\u00f3n a Obras"},"content":{"rendered":"<p><strong>El Concejo Municipal de Calchaqu\u00ed rechaz\u00f3 el veto dispuesto por el Departamento Ejecutivo mediante el Decreto N\u00b0 077\/2025<\/strong> y ratific\u00f3 la vigencia de la Ordenanza N\u00b0 2303\/2025, que crea el Libro de Oposici\u00f3n de Obras P\u00fablicas en el \u00e1mbito de la Municipalidad de Calchaqu\u00ed.<\/p>\n<p>&#8220;Este instrumento permitir\u00e1 que los vecinos frentistas puedan expresar su oposici\u00f3n fundada antes de la ejecuci\u00f3n de una obra p\u00fablica, en cumplimiento de la Ley Provincial N\u00b0 8896, fortaleciendo as\u00ed la transparencia, la participaci\u00f3n ciudadana y la seguridad jur\u00eddica&#8221;, se\u00f1alaron desde el Legislativo.<\/p>\n<p>Con esta decisi\u00f3n, el Concejo reafirm\u00f3 su compromiso con una gesti\u00f3n p\u00fablica participativa y respetuosa de los derechos de los vecinos de Calchaqu\u00ed.<\/p>\n","protected":false},"excerpt":{"rendered":"<p>El Concejo Municipal de Calchaqu\u00ed rechaz\u00f3 el veto dispuesto por el Departamento Ejecutivo mediante el Decreto N\u00b0 077\/2025 y ratific\u00f3 la vigencia de la Ordenanza N\u00b0 2303\/2025, que crea el Libro de Oposici\u00f3n de Obras P\u00fablicas en el \u00e1mbito de la Municipalidad de Calchaqu\u00ed. &#8220;Este instrumento permitir\u00e1 que los vecinos frentistas puedan expresar su oposici\u00f3n [&hellip;]<\/p>\n","protected":false},"author":3,"featured_media":67089,"comment_status":"closed","ping_status":"closed","sticky":false,"template":"","format":"standard","meta":{"_joinchat":[],"footnotes":""},"categories":[52],"tags":[],"class_list":{"0":"post-67088","1":"post","2":"type-post","3":"status-publish","4":"format-standard","5":"has-post-thumbnail","7":"category-calchaqui"},"_links":{"self":[{"href":"https:\/\/infovera.com.ar\/web\/wp-json\/wp\/v2\/posts\/67088","targetHints":{"allow":["GET"]}}],"collection":[{"href":"https:\/\/infovera.com.ar\/web\/wp-json\/wp\/v2\/posts"}],"about":[{"href":"https:\/\/infovera.com.ar\/web\/wp-json\/wp\/v2\/types\/post"}],"author":[{"embeddable":true,"href":"https:\/\/infovera.com.ar\/web\/wp-json\/wp\/v2\/users\/3"}],"replies":[{"embeddable":true,"href":"https:\/\/infovera.com.ar\/web\/wp-json\/wp\/v2\/comments?post=67088"}],"version-history":[{"count":0,"href":"https:\/\/infovera.com.ar\/web\/wp-json\/wp\/v2\/posts\/67088\/revisions"}],"wp:featuredmedia":[{"embeddable":true,"href":"https:\/\/infovera.com.ar\/web\/wp-json\/wp\/v2\/media\/67089"}],"wp:attachment":[{"href":"https:\/\/infovera.com.ar\/web\/wp-json\/wp\/v2\/media?parent=67088"}],"wp:term":[{"taxonomy":"category","embeddable":true,"href":"https:\/\/infovera.com.ar\/web\/wp-json\/wp\/v2\/categories?post=67088"},{"taxonomy":"post_tag","embeddable":true,"href":"https:\/\/infovera.com.ar\/web\/wp-json\/wp\/v2\/tags?post=67088"}],"curies":[{"name":"wp","href":"https:\/\/api.w.org\/{rel}","templated":true}]}}