{"id":66254,"date":"2025-09-15T09:50:46","date_gmt":"2025-09-15T12:50:46","guid":{"rendered":"https:\/\/infovera.com.ar\/web\/?p=66254"},"modified":"2025-09-15T09:50:46","modified_gmt":"2025-09-15T12:50:46","slug":"comienza-un-proceso-historico-de-fortalecimiento-del-mpa","status":"publish","type":"post","link":"https:\/\/infovera.com.ar\/web\/2025\/09\/15\/comienza-un-proceso-historico-de-fortalecimiento-del-mpa\/","title":{"rendered":"Comienza un proceso hist\u00f3rico de fortalecimiento del MPA"},"content":{"rendered":"<p><strong>Mar\u00eda Cecilia Vranicich jur\u00f3\u200b por la nueva Constituci\u00f3n Provincial de Santa Fe como cabeza de la instituci\u00f3n. De esta forma, culmina el proceso de reforma con el reconocimiento constitucional del MPA como \u00f3rgano independiente de los Poderes del Estado, aut\u00f3nomo y aut\u00e1rquico<\/strong><\/p>\n<p>En una jornada que marca el inicio de un proceso hist\u00f3rico para la Provincia de Santa Fe, la Fiscal General Mar\u00eda Cecilia Vranicich jur\u00f3 por la nueva Constituci\u00f3n Provincial de Santa Fe. Fue este viernes 12 de septiembre por la tarde en la Legislatura provincial, ante el gobernador Maximiliano Pullaro y el presidente de la Convenci\u00f3n Reformadora, Felipe Michlig.<\/p>\n<p>El Ministerio P\u00fablico de la Acusaci\u00f3n se consagra ahora como \u00f3rgano extrapoder, a partir de que logr\u00f3 el reconocimiento constitucional de su Independencia de los Poderes del Estado, su Autonom\u00eda Funcional y su Autarqu\u00eda Financiera.<\/p>\n<p>En torno a las modificaciones de la nueva Constituci\u00f3n Provincial, la Fiscal General Mar\u00eda Cecilia Vranicich sostuvo: \u201cHoy culmina un proceso de reforma constitucional \u00fanico y tambi\u00e9n comienza un proceso de refundaci\u00f3n del MPA, este 12 de septiembre de 2025 es una fecha importante como lo fue la del 10 de febrero de 2014 cuando iniciaba el sistema de justicia penal acusatorio. Por ello es un d\u00eda de celebraci\u00f3n que se enmarca en la etapa de fortalecimiento institucional que el MPA inici\u00f3 en el 2023 con la gesti\u00f3n de esta Fiscal\u00eda General. Afrontamos y asumimos esta etapa de reconocimiento constitucional con enorme responsabilidad y compromiso\u201d.<\/p>\n<p>\u201cAnte la sanci\u00f3n de la ley que habilit\u00f3 la reforma de la Constituci\u00f3n, se afront\u00f3 institucionalmente como una oportunidad vital, por ello se trabaj\u00f3 en un claro posicionamiento con ejes que responden a nuestra historia y memoria institucional, lo cual implic\u00f3 un incuestionable avance sobre el sistema inquisitivo anterior\u201d, asever\u00f3.<\/p>\n<p>Es de esta forma que en la nueva Constituci\u00f3n Provincial, el Ministerio P\u00fablico se inscribe como un \u00f3rgano independiente de los poderes del Estado, con autonom\u00eda funcional y administrativa, y autarqu\u00eda financiera. Se compone del Ministerio P\u00fablico de la Acusaci\u00f3n y del Ministerio P\u00fablico de la Defensa, independientes entre s\u00ed, dirigidos por un fiscal general y un defensor general respectivamente.<\/p>\n<p>Dentro de los lineamientos priorizados de gesti\u00f3n de la Fiscal\u00eda General que ejerce Vranicich a partir de su asunci\u00f3n en 2023, se encuentra el acompa\u00f1amiento y la priorizaci\u00f3n de las v\u00edctimas. Extremo que qued\u00f3 ahora reconocido por la Reforma del 25, a partir de que la actuaci\u00f3n del MPA \u201cse orienta al resguardo de los intereses de las v\u00edctimas\u201d (Art\u00edculo 134).<\/p>\n<p><strong>El camino a la autonom\u00eda plena<\/strong><\/p>\n<p>Para el cambio que quedar\u00e1 plasmado en la historia santafesina en la Carta Magna de su Constituci\u00f3n, la Fiscal\u00eda General ejerci\u00f3 un rol activo desde comienzos del 2025, con el fin de compartir y difundir su posicionamiento institucional. En raz\u00f3n de ello, la fiscal Vranicich mantuvo una agenda p\u00fablica de reuniones donde acerc\u00f3 su posicionamiento institucional a los diversos bloques pol\u00edticos y a los convencionales constituyentes durante los meses previos al comienzo de la Reforma.<\/p>\n<p>Las primeras reuniones tuvieron lugar el d\u00eda 3 de junio con los bloques del Partido Socialista y Frente Para la Esperanza y el 4 de junio con el bloque de la Uni\u00f3n C\u00edvica Radical. El 6 de junio continu\u00f3 con reuniones junto a los bloques Somos Vida y Libertad, La Libertad Avanza y Activemos. Finalmente el 25 de junio se llevaron adelante los encuentros con el bloque Propuesta Republicana y M\u00e1s Para Santa Fe respectivamente.<\/p>\n<p>\u201cEn todas las reuniones de trabajo concertadas con los convencionales y referentes de los partidos, hemos sido claros con nuestra proclama institucional, y fueron receptivos\u201d, destac\u00f3 Vranicich.<\/p>\n<p>Finalmente al comienzo de la Reforma, en la primera jornada de audiencias el 25 de julio pasado, Vranicich precis\u00f3 sobre los pormenores del posicionamiento institucional del MPA y respondi\u00f3 cada una de las consultas por parte de los convencionales, quienes luego de semanas de debate, el pasado 21 de agosto emitieron su Dictamen.<\/p>\n<p>Finalmente, durante la 9\u00aa sesi\u00f3n plenaria, la Convenci\u00f3n Reformadora de la Constituci\u00f3n de Santa Fe aprob\u00f3 el dictamen definitivo sobre el Poder Judicial y fueron incorporadas a la Carta Magna las proclamas de autonom\u00eda funcional, autarqu\u00eda financiera e independencia para el MPA las que finalmente quedaron cristalizadas en el art\u00edculo 134 del flamante capitulo del Ministerio P\u00fablico.<\/p>\n","protected":false},"excerpt":{"rendered":"<p>Mar\u00eda Cecilia Vranicich jur\u00f3\u200b por la nueva Constituci\u00f3n Provincial de Santa Fe como cabeza de la instituci\u00f3n. De esta forma, culmina el proceso de reforma con el reconocimiento constitucional del MPA como \u00f3rgano independiente de los Poderes del Estado, aut\u00f3nomo y aut\u00e1rquico En una jornada que marca el inicio de un proceso hist\u00f3rico para la [&hellip;]<\/p>\n","protected":false},"author":3,"featured_media":66255,"comment_status":"closed","ping_status":"closed","sticky":false,"template":"","format":"standard","meta":{"_joinchat":[],"footnotes":""},"categories":[60],"tags":[],"class_list":{"0":"post-66254","1":"post","2":"type-post","3":"status-publish","4":"format-standard","5":"has-post-thumbnail","7":"category-provinciales"},"_links":{"self":[{"href":"https:\/\/infovera.com.ar\/web\/wp-json\/wp\/v2\/posts\/66254","targetHints":{"allow":["GET"]}}],"collection":[{"href":"https:\/\/infovera.com.ar\/web\/wp-json\/wp\/v2\/posts"}],"about":[{"href":"https:\/\/infovera.com.ar\/web\/wp-json\/wp\/v2\/types\/post"}],"author":[{"embeddable":true,"href":"https:\/\/infovera.com.ar\/web\/wp-json\/wp\/v2\/users\/3"}],"replies":[{"embeddable":true,"href":"https:\/\/infovera.com.ar\/web\/wp-json\/wp\/v2\/comments?post=66254"}],"version-history":[{"count":0,"href":"https:\/\/infovera.com.ar\/web\/wp-json\/wp\/v2\/posts\/66254\/revisions"}],"wp:featuredmedia":[{"embeddable":true,"href":"https:\/\/infovera.com.ar\/web\/wp-json\/wp\/v2\/media\/66255"}],"wp:attachment":[{"href":"https:\/\/infovera.com.ar\/web\/wp-json\/wp\/v2\/media?parent=66254"}],"wp:term":[{"taxonomy":"category","embeddable":true,"href":"https:\/\/infovera.com.ar\/web\/wp-json\/wp\/v2\/categories?post=66254"},{"taxonomy":"post_tag","embeddable":true,"href":"https:\/\/infovera.com.ar\/web\/wp-json\/wp\/v2\/tags?post=66254"}],"curies":[{"name":"wp","href":"https:\/\/api.w.org\/{rel}","templated":true}]}}