{"id":66250,"date":"2025-09-15T09:35:33","date_gmt":"2025-09-15T12:35:33","guid":{"rendered":"https:\/\/infovera.com.ar\/web\/?p=66250"},"modified":"2025-09-15T09:49:30","modified_gmt":"2025-09-15T12:49:30","slug":"torneo-de-ajedrez-en-la-gallareta","status":"publish","type":"post","link":"https:\/\/infovera.com.ar\/web\/2025\/09\/15\/torneo-de-ajedrez-en-la-gallareta\/","title":{"rendered":"Torneo de ajedrez en La Gallareta\u00a0"},"content":{"rendered":"<p><strong>El taller Comunal Pe\u00f3n Envenenado fue anfitri\u00f3n del evento que se llev\u00f3 a cabo el domingo en las instalaciones del CIC.<\/strong><\/p>\n<p>Sin dudas fue un d\u00eda de muchas estrategias, alegr\u00edas y diversi\u00f3n. Ni\u00f1os y adultos de toda la zona participaron de este evento.<\/p>\n<p>Desde el \u00c1rea de Deportes de la Comuna de La Gallareta felicitaron al coordinador y profe, Dami\u00e1n Cabrera por su gran trabajo.<\/p>\n<p><strong>Tabla de ganadores:<\/strong><\/p>\n<p>Categor\u00eda Sub 8:<br \/>\nCampe\u00f3n: Paniagua Ignacio (Reconquista)<br \/>\nSubcampe\u00f3n: Guiliani Sof\u00eda (Malabrigo)<\/p>\n<p>Categor\u00eda Sub 10:<br \/>\nCampe\u00f3n: Alarc\u00f3n Mat\u00edas (Reconquista)<br \/>\nSubcampe\u00f3n: Rol\u00f3n Valentina (Km 50)<\/p>\n<p>Categor\u00eda Sub 12:<br \/>\nCampe\u00f3n: Duarte Joaqu\u00edn (Reconquista)<br \/>\nSubcampe\u00f3n: Espinoza Nazareno (Reconquista)<\/p>\n<p>Categor\u00eda Sub 14:<br \/>\nCampe\u00f3n: Galarza Augusto (Calchaqu\u00ed)<br \/>\nSubcampe\u00f3n: Ordazzo Sebasti\u00e1n (Vera)<\/p>\n<p>Categor\u00eda libre:<br \/>\nCampe\u00f3n: Tobias Lallana (La Gallareta)<\/p>\n<p>&#8220;\u00a1Felicitamos y agradecemos a todos los que asistieron a \u00e9ste gran torneo!&#8221;<\/p>\n","protected":false},"excerpt":{"rendered":"<p>El taller Comunal Pe\u00f3n Envenenado fue anfitri\u00f3n del evento que se llev\u00f3 a cabo el domingo en las instalaciones del CIC. Sin dudas fue un d\u00eda de muchas estrategias, alegr\u00edas y diversi\u00f3n. Ni\u00f1os y adultos de toda la zona participaron de este evento. Desde el \u00c1rea de Deportes de la Comuna de La Gallareta felicitaron [&hellip;]<\/p>\n","protected":false},"author":3,"featured_media":66251,"comment_status":"closed","ping_status":"closed","sticky":false,"template":"","format":"standard","meta":{"_joinchat":[],"footnotes":""},"categories":[31,51],"tags":[],"class_list":{"0":"post-66250","1":"post","2":"type-post","3":"status-publish","4":"format-standard","5":"has-post-thumbnail","7":"category-deportes","8":"category-locales"},"_links":{"self":[{"href":"https:\/\/infovera.com.ar\/web\/wp-json\/wp\/v2\/posts\/66250","targetHints":{"allow":["GET"]}}],"collection":[{"href":"https:\/\/infovera.com.ar\/web\/wp-json\/wp\/v2\/posts"}],"about":[{"href":"https:\/\/infovera.com.ar\/web\/wp-json\/wp\/v2\/types\/post"}],"author":[{"embeddable":true,"href":"https:\/\/infovera.com.ar\/web\/wp-json\/wp\/v2\/users\/3"}],"replies":[{"embeddable":true,"href":"https:\/\/infovera.com.ar\/web\/wp-json\/wp\/v2\/comments?post=66250"}],"version-history":[{"count":0,"href":"https:\/\/infovera.com.ar\/web\/wp-json\/wp\/v2\/posts\/66250\/revisions"}],"wp:featuredmedia":[{"embeddable":true,"href":"https:\/\/infovera.com.ar\/web\/wp-json\/wp\/v2\/media\/66251"}],"wp:attachment":[{"href":"https:\/\/infovera.com.ar\/web\/wp-json\/wp\/v2\/media?parent=66250"}],"wp:term":[{"taxonomy":"category","embeddable":true,"href":"https:\/\/infovera.com.ar\/web\/wp-json\/wp\/v2\/categories?post=66250"},{"taxonomy":"post_tag","embeddable":true,"href":"https:\/\/infovera.com.ar\/web\/wp-json\/wp\/v2\/tags?post=66250"}],"curies":[{"name":"wp","href":"https:\/\/api.w.org\/{rel}","templated":true}]}}