{"id":66247,"date":"2025-09-15T09:29:48","date_gmt":"2025-09-15T12:29:48","guid":{"rendered":"https:\/\/infovera.com.ar\/web\/?p=66247"},"modified":"2025-09-16T09:57:09","modified_gmt":"2025-09-16T12:57:09","slug":"dos-ninos-a-caballo-y-una-camioneta-protagonizaron-un-accidente-en-vera","status":"publish","type":"post","link":"https:\/\/infovera.com.ar\/web\/2025\/09\/15\/dos-ninos-a-caballo-y-una-camioneta-protagonizaron-un-accidente-en-vera\/","title":{"rendered":"Dos ni\u00f1os a caballo y una camioneta protagonizaron un accidente en Vera"},"content":{"rendered":"<p><strong>Dos menores de edad, de 11 y 13 a\u00f1os, resultaron heridos tras un accidente de tr\u00e1nsito ocurrido ayer por la tarde en la intersecci\u00f3n de las calles 1\u00b0 de Mayo y Avenida Corrientes. El hecho tuvo lugar alrededor de las 19:30 horas, seg\u00fan inform\u00f3 la Unidad Regional XIX de la Polic\u00eda de Santa Fe.<\/strong><\/p>\n<p>El personal de la Secci\u00f3n Motorizada, que realizaba patrullajes preventivos, fue alertado sobre el suceso. Al llegar al lugar, constataron que los menores, que se desplazaban a caballo llevando otro equino de tiro, cayeron al ser rozados por una camioneta Ford. El veh\u00edculo era conducido por una mujer de 29 a\u00f1os, residente de la ciudad.<\/p>\n<p>Tras el impacto, los menores fueron r\u00e1pidamente trasladados al hospital local para recibir atenci\u00f3n m\u00e9dica. Se pudo confirmar que, al momento de la llegada de las autoridades, los caballos ya no se encontraban en el lugar del accidente.<\/p>\n<p>Las diligencias correspondientes se llevaron a cabo en presencia de las madres de los menores, mientras se trabaja para esclarecer las causas exactas del siniestro.<\/p>\n<p>Gentileza: Jorge del Barco<\/p>\n","protected":false},"excerpt":{"rendered":"<p>Dos menores de edad, de 11 y 13 a\u00f1os, resultaron heridos tras un accidente de tr\u00e1nsito ocurrido ayer por la tarde en la intersecci\u00f3n de las calles 1\u00b0 de Mayo y Avenida Corrientes. El hecho tuvo lugar alrededor de las 19:30 horas, seg\u00fan inform\u00f3 la Unidad Regional XIX de la Polic\u00eda de Santa Fe. El [&hellip;]<\/p>\n","protected":false},"author":3,"featured_media":66248,"comment_status":"closed","ping_status":"closed","sticky":false,"template":"","format":"standard","meta":{"_joinchat":[],"footnotes":""},"categories":[30,53],"tags":[],"class_list":{"0":"post-66247","1":"post","2":"type-post","3":"status-publish","4":"format-standard","5":"has-post-thumbnail","7":"category-policiales","8":"category-vera"},"_links":{"self":[{"href":"https:\/\/infovera.com.ar\/web\/wp-json\/wp\/v2\/posts\/66247","targetHints":{"allow":["GET"]}}],"collection":[{"href":"https:\/\/infovera.com.ar\/web\/wp-json\/wp\/v2\/posts"}],"about":[{"href":"https:\/\/infovera.com.ar\/web\/wp-json\/wp\/v2\/types\/post"}],"author":[{"embeddable":true,"href":"https:\/\/infovera.com.ar\/web\/wp-json\/wp\/v2\/users\/3"}],"replies":[{"embeddable":true,"href":"https:\/\/infovera.com.ar\/web\/wp-json\/wp\/v2\/comments?post=66247"}],"version-history":[{"count":0,"href":"https:\/\/infovera.com.ar\/web\/wp-json\/wp\/v2\/posts\/66247\/revisions"}],"wp:featuredmedia":[{"embeddable":true,"href":"https:\/\/infovera.com.ar\/web\/wp-json\/wp\/v2\/media\/66248"}],"wp:attachment":[{"href":"https:\/\/infovera.com.ar\/web\/wp-json\/wp\/v2\/media?parent=66247"}],"wp:term":[{"taxonomy":"category","embeddable":true,"href":"https:\/\/infovera.com.ar\/web\/wp-json\/wp\/v2\/categories?post=66247"},{"taxonomy":"post_tag","embeddable":true,"href":"https:\/\/infovera.com.ar\/web\/wp-json\/wp\/v2\/tags?post=66247"}],"curies":[{"name":"wp","href":"https:\/\/api.w.org\/{rel}","templated":true}]}}