{"id":66240,"date":"2025-09-15T09:19:28","date_gmt":"2025-09-15T12:19:28","guid":{"rendered":"https:\/\/infovera.com.ar\/web\/?p=66240"},"modified":"2025-09-16T09:57:42","modified_gmt":"2025-09-16T12:57:42","slug":"rojas-con-la-ruta-3-finalizada-hoy-la-prioridad-pasa-por-la-83s","status":"publish","type":"post","link":"https:\/\/infovera.com.ar\/web\/2025\/09\/15\/rojas-con-la-ruta-3-finalizada-hoy-la-prioridad-pasa-por-la-83s\/","title":{"rendered":"Rojas: \u201cCon la Ruta 3 finalizada, hoy la prioridad pasa por la 83s\u201d"},"content":{"rendered":"<p><strong>El gobierno provincial esta realizando tareas de mantenimiento y mejora de la Ruta 83s, la segunda ruta mas extensa del departamento Vera.<\/strong><\/p>\n<p>El diputado Sergio \u201cChiqui\u201d Rojas dio detalles sobre las obras que se est\u00e1n llevando adelante en el distrito Garabato y las pr\u00f3ximas acciones. \u201cEn este primer momento se est\u00e1n haciendo obras de suelo, desmonte y alcantarillado, mediante un convenio con la comuna de Garabato, pasando por Pozo de los Indios hasta Fort\u00edn Olmos. Tambi\u00e9n hay un convenio firmado con la municipalidad de Vera para hacer trabajos similares en la zona de El Cerrito, que esperamos comiencen antes de fin de a\u00f1o, y esta proyectado seguir por La Gallareta el a\u00f1o que viene\u201d.<\/p>\n<p>\u201cCon la Ruta 3 finalizada, hoy la prioridad pasa por la 83s, una ruta fundamental para el desarrollo del interior del departamento, tanto para mejorar la calidad de vida de los casi 10 mil habitantes que viven en los alrededores de la ruta, como para generar m\u00e1s y mejores oportunidades, potenciar las econom\u00edas regionales y las actividades productivas\u201d, se\u00f1alo el diputado.<\/p>\n<p>Rojas record\u00f3 que \u201cel a\u00f1o pasado presentamos un proyecto, el cual fue aprobado, para que se incluya en el plan de obras de la provincia la mejora, el mantenimiento y se comience a pensar en la pavimentaci\u00f3n de la ruta en toda su extensi\u00f3n. Encontramos buena recepci\u00f3n del gobierno provincial, del ministro Enrico y del director de Vialidad, Pablo Seghezzo. Estamos en contacto permanente con ellos, haciendo gestiones y trasladando los reclamos de los vecinos, productores y presidentes comunales de la zona, es fundamental el compromiso de todos para avanzar en las obras. As\u00ed como alguna vez so\u00f1amos con la pavimentaci\u00f3n de la Ruta 3, esperamos sentar las bases para que la 83s sea una ruta segura y productiva\u201d.<\/p>\n","protected":false},"excerpt":{"rendered":"<p>El gobierno provincial esta realizando tareas de mantenimiento y mejora de la Ruta 83s, la segunda ruta mas extensa del departamento Vera. El diputado Sergio \u201cChiqui\u201d Rojas dio detalles sobre las obras que se est\u00e1n llevando adelante en el distrito Garabato y las pr\u00f3ximas acciones. \u201cEn este primer momento se est\u00e1n haciendo obras de suelo, [&hellip;]<\/p>\n","protected":false},"author":3,"featured_media":66241,"comment_status":"closed","ping_status":"closed","sticky":false,"template":"","format":"standard","meta":{"_joinchat":[],"footnotes":""},"categories":[29,53],"tags":[],"class_list":{"0":"post-66240","1":"post","2":"type-post","3":"status-publish","4":"format-standard","5":"has-post-thumbnail","7":"category-obras","8":"category-vera"},"_links":{"self":[{"href":"https:\/\/infovera.com.ar\/web\/wp-json\/wp\/v2\/posts\/66240","targetHints":{"allow":["GET"]}}],"collection":[{"href":"https:\/\/infovera.com.ar\/web\/wp-json\/wp\/v2\/posts"}],"about":[{"href":"https:\/\/infovera.com.ar\/web\/wp-json\/wp\/v2\/types\/post"}],"author":[{"embeddable":true,"href":"https:\/\/infovera.com.ar\/web\/wp-json\/wp\/v2\/users\/3"}],"replies":[{"embeddable":true,"href":"https:\/\/infovera.com.ar\/web\/wp-json\/wp\/v2\/comments?post=66240"}],"version-history":[{"count":0,"href":"https:\/\/infovera.com.ar\/web\/wp-json\/wp\/v2\/posts\/66240\/revisions"}],"wp:featuredmedia":[{"embeddable":true,"href":"https:\/\/infovera.com.ar\/web\/wp-json\/wp\/v2\/media\/66241"}],"wp:attachment":[{"href":"https:\/\/infovera.com.ar\/web\/wp-json\/wp\/v2\/media?parent=66240"}],"wp:term":[{"taxonomy":"category","embeddable":true,"href":"https:\/\/infovera.com.ar\/web\/wp-json\/wp\/v2\/categories?post=66240"},{"taxonomy":"post_tag","embeddable":true,"href":"https:\/\/infovera.com.ar\/web\/wp-json\/wp\/v2\/tags?post=66240"}],"curies":[{"name":"wp","href":"https:\/\/api.w.org\/{rel}","templated":true}]}}