{"id":66225,"date":"2025-09-13T10:04:10","date_gmt":"2025-09-13T13:04:10","guid":{"rendered":"https:\/\/infovera.com.ar\/web\/?p=66225"},"modified":"2025-09-14T21:52:05","modified_gmt":"2025-09-15T00:52:05","slug":"salvo-micheloud-quedaron-en-libertad-los-acusados-del-robo-de-77-vacunos-a-buyatti","status":"publish","type":"post","link":"https:\/\/infovera.com.ar\/web\/2025\/09\/13\/salvo-micheloud-quedaron-en-libertad-los-acusados-del-robo-de-77-vacunos-a-buyatti\/","title":{"rendered":"Salvo Micheloud, quedaron en libertad los acusados del robo de 77 vacunos a Buyatti"},"content":{"rendered":"<p><strong>En una audiencia de revisi\u00f3n de la medida cautelar de prisi\u00f3n preventiva realizada en los Tribunales de Vera, la justicia resolvi\u00f3 otorgar la libertad a los imputados.<\/strong><\/p>\n<p>El debate procesal estuvo presidido por el juez penal Mart\u00edn Gauna Chapero, y participaron el fiscal Sebasti\u00e1n Marichal como acusador y los abogados Venetucci, por David Bistmans y Mayra Wirth; Sixto Gonz\u00e1lez y Agust\u00edn Bergel por Jorge Baz\u00e1n y Ram\u00f3n Villanueva; Ricardo Degoumois (h), por Dami\u00e1n Micheloud; y el defensor p\u00fablico Dr. P\u00e9rez, por Elfio Ram\u00edrez.<\/p>\n<p>Como conclusi\u00f3n, <strong>el magistrado resolvi\u00f3 que cese la medida restrictiva de la libertad para Nahuel David Bistmans, Jorge Baz\u00e1n, Ram\u00f3n Villanueva y Elfio Ram\u00edrez; se recuerda que la otra imputada, por cohecho activo, Mayra Yasmila Wirth, estaba en libertad con restricciones por ser guardadora de hijos menores.<\/strong><\/p>\n<p>Por el contrario, Gauna Chapero entendi\u00f3 que Dami\u00e1n Alberto Micheloud (31), sindicado junto a Bistmans como organizador del abigeato, deb\u00eda seguir detenido en atenci\u00f3n que estuvo pr\u00f3fugo en la causa y pesa sobre su persona una frondoso prontuario judicial.<\/p>\n<p><strong>El fiscal Marichal adelant\u00f3 que apelar\u00e1 la libertad de Bistmans por entender que habr\u00eda sido uno de los cabecillas del abigeato. La v\u00edctima del robo de 77 vacunos fue la firma Buyatti SA.<\/strong><\/p>\n<p><strong>El caso<\/strong><\/p>\n<p>Luego de ser detenidos un allanamiento realizado el 29 de abril en Reconquista,<strong> Nahuel David Bistmans, Elfio Ram\u00edrez, Jorge Baz\u00e1n y Ram\u00f3n Villanueva fueron encausados por abigeato calificado por la cantidad de ganado sustra\u00eddo y por ser personas que se dedican a la crianza y cuidado de animales vacunos,<\/strong> todos con prisi\u00f3n preventiva; y <strong>Mayra Yasmila Wirth, por cohecho activo, en libertad con restricciones.<\/strong><\/p>\n<p>En ese momento, Micheloud no pudo ser arrestado y pas\u00f3 a calidad de pr\u00f3fugo. La polic\u00eda rural y de las unidades regionales fueron tras los pasos por ser uno de los presuntos autores del robo de hacienda a la explotaci\u00f3n ganadera de Fort\u00edn Olmos.<\/p>\n<p>El 21 de mayo, finalmente, fue detenido en La Gallareta, luego de que se presentara espont\u00e1neamente en dependencia local de Los Pumas.<\/p>\n<p><strong>Cargos<\/strong><\/p>\n<p>De acuerdo a la acusaci\u00f3n de Fiscal\u00eda,<strong> Micheloud junto a Bitzman y Ram\u00edrez desapoderaron de los animales a la firma.<\/strong> Para lograr ese cometido, Ram\u00edrez, pe\u00f3n del establecimiento \u201cLas Mellizas\u201d, el 12 de abril junt\u00f3 el rodeo para facilitar la tarea delictiva.<\/p>\n<p>De ah\u00ed en m\u00e1s, habr\u00edan arreado los animales unos 8 kil\u00f3metros hacia el oeste, desde el mencionado establecimiento propiedad de Marcos Buyatti hasta el establecimiento ganadero denominado \u201cLa Soledad\u201d, propiedad de un tal Aguilar, ubicado en la zona rural de Fort\u00edn Olmos.<\/p>\n<p>De acuerdo a la investigaci\u00f3n, en ese lugar fueron encerrados con el consentimiento privado del encargado del mismo, el sindicado Villanueva.<\/p>\n<p><strong>&#8220;200 mil pesos&#8221;<\/strong><\/p>\n<p>En tanto, a<strong> Mayra Yasmila Wirth se le atribuy\u00f3 que el lunes 14 de abril, antes de las 8, haber enviado un mensaje por la aplicaci\u00f3n WhatsApp a una funcionaria de la delegaci\u00f3n Romang del Senasa, en el que le manifest\u00f3 \u201cdoscientos mil tengo para darte, entre nosotras, por favor, hacerme la gauchada\u201d,<\/strong> refiriendo a dinero que le pretend\u00eda entregarle a fin de que le habilitara el tr\u00e1mite de un DTE para el traslado de animales vacunos que pretend\u00eda hacer, y para la cual se hab\u00eda constituido minutos antes de la sede costera del organismo ya que \u201cno consegu\u00eda realizar (el tr\u00e1mite), por tener bloqueada la autogesti\u00f3n del sistema de generaci\u00f3n de dicho formulario\u201d.<\/p>\n<p>&nbsp;<\/p>\n","protected":false},"excerpt":{"rendered":"<p>En una audiencia de revisi\u00f3n de la medida cautelar de prisi\u00f3n preventiva realizada en los Tribunales de Vera, la justicia resolvi\u00f3 otorgar la libertad a los imputados. El debate procesal estuvo presidido por el juez penal Mart\u00edn Gauna Chapero, y participaron el fiscal Sebasti\u00e1n Marichal como acusador y los abogados Venetucci, por David Bistmans y [&hellip;]<\/p>\n","protected":false},"author":3,"featured_media":66226,"comment_status":"closed","ping_status":"closed","sticky":false,"template":"","format":"standard","meta":{"_joinchat":[],"footnotes":""},"categories":[30,53],"tags":[],"class_list":{"0":"post-66225","1":"post","2":"type-post","3":"status-publish","4":"format-standard","5":"has-post-thumbnail","7":"category-policiales","8":"category-vera"},"_links":{"self":[{"href":"https:\/\/infovera.com.ar\/web\/wp-json\/wp\/v2\/posts\/66225","targetHints":{"allow":["GET"]}}],"collection":[{"href":"https:\/\/infovera.com.ar\/web\/wp-json\/wp\/v2\/posts"}],"about":[{"href":"https:\/\/infovera.com.ar\/web\/wp-json\/wp\/v2\/types\/post"}],"author":[{"embeddable":true,"href":"https:\/\/infovera.com.ar\/web\/wp-json\/wp\/v2\/users\/3"}],"replies":[{"embeddable":true,"href":"https:\/\/infovera.com.ar\/web\/wp-json\/wp\/v2\/comments?post=66225"}],"version-history":[{"count":0,"href":"https:\/\/infovera.com.ar\/web\/wp-json\/wp\/v2\/posts\/66225\/revisions"}],"wp:featuredmedia":[{"embeddable":true,"href":"https:\/\/infovera.com.ar\/web\/wp-json\/wp\/v2\/media\/66226"}],"wp:attachment":[{"href":"https:\/\/infovera.com.ar\/web\/wp-json\/wp\/v2\/media?parent=66225"}],"wp:term":[{"taxonomy":"category","embeddable":true,"href":"https:\/\/infovera.com.ar\/web\/wp-json\/wp\/v2\/categories?post=66225"},{"taxonomy":"post_tag","embeddable":true,"href":"https:\/\/infovera.com.ar\/web\/wp-json\/wp\/v2\/tags?post=66225"}],"curies":[{"name":"wp","href":"https:\/\/api.w.org\/{rel}","templated":true}]}}