{"id":66220,"date":"2025-09-13T10:00:04","date_gmt":"2025-09-13T13:00:04","guid":{"rendered":"https:\/\/infovera.com.ar\/web\/?p=66220"},"modified":"2025-09-14T21:52:44","modified_gmt":"2025-09-15T00:52:44","slug":"mejoras-en-la-ruta-provincial-n-83s-para-santa-lucia-y-el-cerrito","status":"publish","type":"post","link":"https:\/\/infovera.com.ar\/web\/2025\/09\/13\/mejoras-en-la-ruta-provincial-n-83s-para-santa-lucia-y-el-cerrito\/","title":{"rendered":"Mejoras en la Ruta provincial N\u00b0 83s para Santa Luc\u00eda y El Cerrito"},"content":{"rendered":"<p><strong>La Municipalidad de Vera, junto a Vialidad Provincial, realizar\u00e1n trabajos de acondicionamiento y mejora de la Ruta Provincial N\u00b083s, en el tramo entre Ruta Nacional 98 y el paraje Santa Luc\u00eda.<\/strong><\/p>\n<p>Las mejoras a realizarse surgen de un estudio gestionado por la Municipalidad de Vera, a ra\u00edz de los constantes anegamientos en d\u00edas de inclemencias clim\u00e1ticas, es por eso que se realizar\u00e1n trabajos de profundizaci\u00f3n de canales laterales y distribuci\u00f3n de ese suelo, sobre el camino para lograr un enaltecimiento de la mismo. Se construir\u00e1n, tambi\u00e9n, 10 Alcantarillas, que requiere dicha traza, para mejor escurrimiento de las aguas pluviales.<\/p>\n<p>Al respecto, la intendente Paula Mitre expres\u00f3: \u201cEsta gesti\u00f3n de mejoramientos de caminos realizada ante el Gobierno Provincial ha tenido una respuesta favorable por parte del Gobernador Pullaro, por lo que agradecemos la actitud positiva tanto de \u00e9l c\u00f3mo de los funcionarios del \u00e1rea, ya que la decisi\u00f3n de inversi\u00f3n de estos trabajos redundara en beneficios para toda esa regi\u00f3n del Distrito Vera, mejorando as\u00ed la transitabilidad de quienes utilizan el camino para las actividades y traslado de la vida cotidiana del lugar\u201d.<\/p>\n<p>Asimismo, puntualiz\u00f3: \u201cEstas mejoras que se van a llevar a cabo basadas en un estudio t\u00e9cnico realizado oportunamente por profesionales en la materia\u201d.<\/p>\n","protected":false},"excerpt":{"rendered":"<p>La Municipalidad de Vera, junto a Vialidad Provincial, realizar\u00e1n trabajos de acondicionamiento y mejora de la Ruta Provincial N\u00b083s, en el tramo entre Ruta Nacional 98 y el paraje Santa Luc\u00eda. Las mejoras a realizarse surgen de un estudio gestionado por la Municipalidad de Vera, a ra\u00edz de los constantes anegamientos en d\u00edas de inclemencias [&hellip;]<\/p>\n","protected":false},"author":3,"featured_media":66221,"comment_status":"closed","ping_status":"closed","sticky":false,"template":"","format":"standard","meta":{"_joinchat":[],"footnotes":""},"categories":[29,53],"tags":[],"class_list":{"0":"post-66220","1":"post","2":"type-post","3":"status-publish","4":"format-standard","5":"has-post-thumbnail","7":"category-obras","8":"category-vera"},"_links":{"self":[{"href":"https:\/\/infovera.com.ar\/web\/wp-json\/wp\/v2\/posts\/66220","targetHints":{"allow":["GET"]}}],"collection":[{"href":"https:\/\/infovera.com.ar\/web\/wp-json\/wp\/v2\/posts"}],"about":[{"href":"https:\/\/infovera.com.ar\/web\/wp-json\/wp\/v2\/types\/post"}],"author":[{"embeddable":true,"href":"https:\/\/infovera.com.ar\/web\/wp-json\/wp\/v2\/users\/3"}],"replies":[{"embeddable":true,"href":"https:\/\/infovera.com.ar\/web\/wp-json\/wp\/v2\/comments?post=66220"}],"version-history":[{"count":0,"href":"https:\/\/infovera.com.ar\/web\/wp-json\/wp\/v2\/posts\/66220\/revisions"}],"wp:featuredmedia":[{"embeddable":true,"href":"https:\/\/infovera.com.ar\/web\/wp-json\/wp\/v2\/media\/66221"}],"wp:attachment":[{"href":"https:\/\/infovera.com.ar\/web\/wp-json\/wp\/v2\/media?parent=66220"}],"wp:term":[{"taxonomy":"category","embeddable":true,"href":"https:\/\/infovera.com.ar\/web\/wp-json\/wp\/v2\/categories?post=66220"},{"taxonomy":"post_tag","embeddable":true,"href":"https:\/\/infovera.com.ar\/web\/wp-json\/wp\/v2\/tags?post=66220"}],"curies":[{"name":"wp","href":"https:\/\/api.w.org\/{rel}","templated":true}]}}