{"id":66216,"date":"2025-09-13T10:39:58","date_gmt":"2025-09-13T13:39:58","guid":{"rendered":"https:\/\/infovera.com.ar\/web\/?p=66216"},"modified":"2025-09-13T10:39:58","modified_gmt":"2025-09-13T13:39:58","slug":"felipe-michlig-la-provincia-invencible-de-santa-fe-tiene-nueva-constitucion","status":"publish","type":"post","link":"https:\/\/infovera.com.ar\/web\/2025\/09\/13\/felipe-michlig-la-provincia-invencible-de-santa-fe-tiene-nueva-constitucion\/","title":{"rendered":"Felipe Michlig: \u201cLa Provincia Invencible de Santa Fe tiene nueva Constituci\u00f3n\u201d"},"content":{"rendered":"<p><strong>Luego de 63 a\u00f1os y 149 d\u00edas, y durante 60 d\u00edas de deliberaciones, la Provincia de Santa Fe tiene una nueva Carta Magna que la pone a la vanguardia del constitucionalismo nacional.<\/strong><\/p>\n<p>La jornada marc\u00f3 un\u00a0hito hist\u00f3rico\u00a0para la provincia, que\u00a0renov\u00f3 su Carta Magna despu\u00e9s de m\u00e1s de seis d\u00e9cadas de vigencia de la Constituci\u00f3n de 1962. Tras la jura,\u00a0la nueva Constituci\u00f3n\u00a0qued\u00f3 formalmente promulgada y\u00a0entr\u00f3 en vigencia, consolidando reformas vinculadas con la organizaci\u00f3n del Estado, el r\u00e9gimen municipal, la ampliaci\u00f3n de derechos y la modernizaci\u00f3n institucional.<\/p>\n<p>Durante el curso de la \u00faltima Sesi\u00f3n Plenaria (N\u00b0 12), el presidente de la Convenci\u00f3n\u00a0Felipe Michlig fue el primero en jurar la nueva carta magna, seguido por el resto de los 62 convencionales presentes.<\/p>\n<p>Posteriormente, se desarroll\u00f3\u00a0la ceremonia oficial en la explanada de la Legislatura Provincial, en donde las m\u00e1ximas\u00a0autoridades de los tres poderes del Estado juraron la nueva constituci\u00f3n\u00a0ante la presencia de los convencionales constituyentes, invitados especiales y p\u00fablico en general.<\/p>\n<p><strong>Emotivo discurso de Felipe Michlig<\/strong>En un\u00a0emotivo discurso de apertura de la ceremonia oficial, el presidente\u00a0Felipe Michlig\u00a0rememor\u00f3 la\u00a0importancia hist\u00f3rica de la provincia de Santa Fe<strong>\u00a0destacando que \u201cel 26 de agosto de 1819, el Cabildo de la Provincia de Santa Fe, sancion\u00f3 el\u00a0Estatuto Provisorio, bajo el mando e influencia del\u00a0Brigadier Estanislao\u00a0L\u00f3pez, guiado por\u00a0el consejo profesional de Juan Francisco Segu\u00ed, lo cual\u00a0marc\u00f3 el inici\u00f3 de la consolidaci\u00f3n del FEDERALISMO y la AUTONOM\u00cdA santafesina, en contraposici\u00f3n al unitarismo imperante\u201d.<\/strong><\/p>\n<p>\u201cPara muchos El ESTATUTO PROVISORIO fue la primera referencia de\u00a0CONSTITUCI\u00d3N PROVINCIAL\u00a0y la primera en el R\u00edo de la Plata, convirti\u00e9ndose en\u00a0un antecedente fundamental de la Constituci\u00f3n Nacional de 1853. En el mismo,\u00a0Estanislao L\u00f3pez limit\u00f3 sus propias facultades y estableci\u00f3 la divisi\u00f3n de poderes anexando un sistema judicial y un poder legislativo, reconociendo en la\u00a0voluntad del pueblo la esencia del poder\u00a0que deb\u00eda obedecerse, adem\u00e1s de\u00a0incorporar cl\u00e1usulas de derechos civiles de avanzada para la \u00e9poca y sentar las bases del Estado Provincial.\u201d<\/p>\n<p><strong>La constituci\u00f3n del 62\u2019 hab\u00eda quedado \u201cdesactualizada\u201d<\/strong><\/p>\n<p>Con el correr del discurso Michlig hizo notar la importancia de la constituci\u00f3n del 62\u2019 \u201clograda bajo la Gobernaci\u00f3n de Don Carlos Sylvestre Begnis, en un contexto pol\u00edtico nacional complejo <strong>ante la ruptura del orden constitucional, provocado por un nuevo Golpe de Estado. Si bien la situaci\u00f3n pol\u00edtica IMPERANTE de aquel momento determin\u00f3 LA URGENCIA DEL TRABAJO y de las deliberaciones, igualmente se logr\u00f3 una REFORMA CONSTITUCIONAL, con una elogiosa redacci\u00f3n y profunda armon\u00eda jur\u00eddica\u201d, record\u00f3.<\/strong><\/p>\n<p>\u201cLA CONSTITUCI\u00d3N DEL 62\u2019 fue la que nos rigi\u00f3 durante\u00a063 a\u00f1os y 149 d\u00edas, porque\u00a0naci\u00f3 del consenso, la pluralidad, el entendimiento pol\u00edtico y democr\u00e1tico, pero -desde hace mucho tiempo- hab\u00eda quedado\u00a0DESACTUALIZADA producto del cambio social producido a lo largo de 6 d\u00e9cadas\u201d, valor\u00f3.<\/p>\n<p><strong>La Nueva Constituci\u00f3n Provincial<\/strong><\/p>\n<p>En cuanto a la\u00a0nueva Constituci\u00f3n Provincial Felipe Michlig\u00a0destac\u00f3 que \u201cesta es la reforma que incorpora nuevos derechos y garant\u00edas, institutos de avanzada a nivel nacional en un contexto de\u00a0modernidad e innovaci\u00f3n de sus disposiciones, como por ejemplo, <strong>FICHA LIMPIA; LIMITACI\u00d3N DE LOS MANDATOS en todas las categor\u00edas; consagrando la AUTONOM\u00cdA MUNICIPAL; ELIMINACI\u00d3N DE PRIVILEGIOS DE LA POL\u00cdTICA; LA CAUSA MALVINAS -votada por unanimidad-, entre otros tantos institutos QUE PONEN a la Provincia de Santa Fe\u00a0a la vanguardia del Derecho Constitucional Argentino\u201d.<\/strong><\/p>\n<p>\u201cY todo se logr\u00f3 a partir de\u00a0extensas deliberaciones,\u00a0con una\u00a0enorme participaci\u00f3n de la sociedad\u00a0civil\u00a0a trav\u00e9s de exposiciones, debates y\u00a0la presentaci\u00f3n de 700 iniciativas y proyectos ciudadanos, que nos llevan a afirmar que\u00a0ESTA ES LA CONSTITUCI\u00d3N DE LA GENTE Y PARA LA GENTE\u201d, agreg\u00f3.<\/p>\n<p>\u201cAprobamos\u00a0la Constituci\u00f3n Posible, la de los consensos pol\u00edticos que reflejan los distintos pensamientos de nuestro electorado y que seguramente\u00a0a futuro se podr\u00e1 seguir mejorando\u00a0con otras reformas que tengan tanto consenso\u00a0como tuvo esta constituci\u00f3n del 25\u2019, en la cual\u00a0el 93% de los art\u00edculos se aprobaron con las dos terceras partes de los convencionales, mientras que\u00a0el texto final ordenado se aprob\u00f3 por el voto del 75%\u00a0de los convencionales y las\u00a0sanci\u00f3n definitiva -publicada en el bolet\u00edn oficial- fue firmada por el 85%\u00a0(o sea\u00a059 convencionales). Un consenso\u00a0superior a la Constituci\u00f3n del 62\u2019\u00a0y las anteriores\u201d, detall\u00f3.<\/p>\n<p><strong>Provincia Invencible de Santa Fe<\/strong><\/p>\n<p>Al final de su alocuci\u00f3n\u00a0Michlig resalt\u00f3\u00a0que \u201csi hay algo que esperamos que se recuerde de\u00a0esta gran Reforma, es QUE LA HICIMOS UNIDOS,\u00a0bajo los colores\u00a0rojo, blanco y celeste\u00a0de la BANDERA de la\u00a0Provincia Invencible de Santa Fe\u201d.<\/p>\n<p><strong>\u201cQUERIDOS COMPROVINCIANOS, hemos cumplido con la PALABRA, sentimos la satisfacci\u00f3n del DEBER CUMPLIDO\u2026.\u00a1\u00a1\u00a1LA PROVINCIA INVENCIBLE DE SANTA FE TIENE NUEVA CONSTITUCI\u00d3N!!!\u201d, finaliz\u00f3.<\/strong><\/p>\n<p><strong>Jura de las m\u00e1ximas autoridades provinciales<\/strong><\/p>\n<p>Entre otros de los momentos m\u00e1s significativos de la hist\u00f3rica jornada fue, cuando Felipe Michlig le tom\u00f3 juramento por la nueva constituci\u00f3n al Gobernador Maximiliano Pullaro, a la Vicegobernadora Gisela Scaglia, a la Presidenta de la C\u00e1mara de Diputados Clara Garc\u00eda, a los ministros de la Corte Suprema de Justicia entre otras autoridades de los tres poderes de la provincia.<\/p>\n<p>Finalmente se entregaron\u00a0los diplomas de convencionales y el Gobernador Pullaro\u00a0emiti\u00f3 su discurso y\u00a0tom\u00f3 juramento por la nueva constituci\u00f3n a todos los presentes.<\/p>\n","protected":false},"excerpt":{"rendered":"<p>Luego de 63 a\u00f1os y 149 d\u00edas, y durante 60 d\u00edas de deliberaciones, la Provincia de Santa Fe tiene una nueva Carta Magna que la pone a la vanguardia del constitucionalismo nacional. La jornada marc\u00f3 un\u00a0hito hist\u00f3rico\u00a0para la provincia, que\u00a0renov\u00f3 su Carta Magna despu\u00e9s de m\u00e1s de seis d\u00e9cadas de vigencia de la Constituci\u00f3n de [&hellip;]<\/p>\n","protected":false},"author":3,"featured_media":66217,"comment_status":"closed","ping_status":"closed","sticky":false,"template":"","format":"standard","meta":{"_joinchat":[],"footnotes":""},"categories":[76,60],"tags":[],"class_list":{"0":"post-66216","1":"post","2":"type-post","3":"status-publish","4":"format-standard","5":"has-post-thumbnail","7":"category-convencion-constituyente","8":"category-provinciales"},"_links":{"self":[{"href":"https:\/\/infovera.com.ar\/web\/wp-json\/wp\/v2\/posts\/66216","targetHints":{"allow":["GET"]}}],"collection":[{"href":"https:\/\/infovera.com.ar\/web\/wp-json\/wp\/v2\/posts"}],"about":[{"href":"https:\/\/infovera.com.ar\/web\/wp-json\/wp\/v2\/types\/post"}],"author":[{"embeddable":true,"href":"https:\/\/infovera.com.ar\/web\/wp-json\/wp\/v2\/users\/3"}],"replies":[{"embeddable":true,"href":"https:\/\/infovera.com.ar\/web\/wp-json\/wp\/v2\/comments?post=66216"}],"version-history":[{"count":0,"href":"https:\/\/infovera.com.ar\/web\/wp-json\/wp\/v2\/posts\/66216\/revisions"}],"wp:featuredmedia":[{"embeddable":true,"href":"https:\/\/infovera.com.ar\/web\/wp-json\/wp\/v2\/media\/66217"}],"wp:attachment":[{"href":"https:\/\/infovera.com.ar\/web\/wp-json\/wp\/v2\/media?parent=66216"}],"wp:term":[{"taxonomy":"category","embeddable":true,"href":"https:\/\/infovera.com.ar\/web\/wp-json\/wp\/v2\/categories?post=66216"},{"taxonomy":"post_tag","embeddable":true,"href":"https:\/\/infovera.com.ar\/web\/wp-json\/wp\/v2\/tags?post=66216"}],"curies":[{"name":"wp","href":"https:\/\/api.w.org\/{rel}","templated":true}]}}